{"id":29520,"date":"2017-04-18T11:36:48","date_gmt":"2017-04-18T14:36:48","guid":{"rendered":"http:\/\/catolicanet.net\/wp-cnet\/2017\/04\/18\/comissao-pastoral-da-terra-lanca-caderno-de-conflitos-no-campo-2016\/"},"modified":"2017-06-09T10:28:31","modified_gmt":"2017-06-09T13:28:31","slug":"comissao-pastoral-da-terra-lanca-caderno-de-conflitos-no-campo-2016","status":"publish","type":"post","link":"https:\/\/catolicanet.net\/wp-cnet\/comissao-pastoral-da-terra-lanca-caderno-de-conflitos-no-campo-2016\/","title":{"rendered":"Comiss\u00e3o Pastoral da Terra lan\u00e7a caderno de Conflitos no Campo 2016"},"content":{"rendered":"<p style=\"text-align: justify;\"><img decoding=\"async\" src=\"http:\/\/www.catolicanet.com.br\/images\/stories\/noticias2017\/caderno-cpt.jpg\" border=\"0\" align=\"left\" \/>Relat\u00f3rio chama aten\u00e7\u00e3o para o aumento de assassinatos no campo em 2016<\/p>\n<p>\u201cEsse relat\u00f3rio n\u00e3o \u00e9 um livro. N\u00e3o s\u00e3o apenas dados, mas s\u00e3o pessoas que pretendemos mostrar ao Brasil\u201d, dessa forma dom Leonardo Steiner, secret\u00e1rio geral da Confer\u00eancia Nacional dos Bispos do Brasil (CNBB) e bispo auxiliar de Bras\u00edlia se referiu \u00e0 publica\u00e7\u00e3o &#8220;Conflitos no Campo Brasil 2016&#8221; que a Comiss\u00e3o Pastoral da Terra lan\u00e7ou dia 17 de abril, na presen\u00e7a de jornalistas, lideran\u00e7as de movimentos sociais e representantes do parlamento brasileiro. <\/p>\n<p>A advogada Divanilce de Sousa Andrade, presente no lan\u00e7amento, n\u00e3o deixou que a hist\u00f3ria da sua m\u00e3e Nilce de Souza Magalh\u00e3es, lideran\u00e7a do Movimento dos Atingidos por Barragem (MAB), fosse apenas um n\u00famero do relat\u00f3rio. Divanilce ressaltou aspectos da luta de sua m\u00e3e assassinada em 7 de janeiro de 2016, em Rond\u00f4nia. Emocionada, ela falou da morosidade da justi\u00e7a, da aus\u00eancia do Estado brasileiro e da certeza da impunidade.<\/p>\n<p>O relat\u00f3rio Conflitos no Campo Brasil 2016 organizado pela Comiss\u00e3o Pastoral da Terra, desde 1985, chama a aten\u00e7\u00e3o para o aumento de assassinatos. O ano 2016 entra para a hist\u00f3ria como o ano com o maior n\u00famero de assassinatos no campo em decorr\u00eancia de conflito agr\u00e1rios, de luta pela terra e pela \u00e1gua, nos \u00faltimos 13 anos. O monitoramento da CPT registrou 61 assassinatos ano passado, 11 a mais que em 2015, com registro de 50 assassinatos.<\/p>\n<p>Rigor cient\u00edfico<\/p>\n<p>O bispo respons\u00e1vel pela Comiss\u00e3o Pastoral da Terra (CPT) dom Enem\u00e9sio Lazzaris ressaltou a seriedade do trabalho da equipe da CPT na documenta\u00e7\u00e3o e organiza\u00e7\u00e3o do levantamento e pesquisa dos conflitos no campo. Ele chama aten\u00e7\u00e3o tamb\u00e9m para o estado de abandono no qual se encontram comunidades tradicionais, as comunidades do campo, os povos origin\u00e1rios, os quilombolas e os pescadores. \u201c\u00c9 necess\u00e1rio pressionar mais para que os direitos adquiridos por essas comunidades sejam mantidos, confirmados e at\u00e9 ampliados\u201d, disse dom Enem\u00e9sio.<\/p>\n<p>O relat\u00f3rio destaca ainda que vem aumentando, desde 2015, atos do Executivo e do Legislativo brasileiros, que implicam e resultar\u00e3o em redu\u00e7\u00e3o dos direitos j\u00e1 conquistados pela agricultura familiar, ind\u00edgenas e quilombolas. Um exemplo citado pelo professor da Universidade Federal da Para\u00edba, Marco Mitidiero, \u00e9 o fato de executivo ter retirado do censo agropecu\u00e1rio quest\u00f5es relativas ao uso de agrot\u00f3xicos e \u00e0 agricultura familiar. <\/p>\n<p>Com este relat\u00f3rio a CPT espera que os dados, organizados com rigor cient\u00edfico, sensibilizem as autoridades para que tenham um pouco mais de aten\u00e7\u00e3o e facilitem a vida dos camponeses e comunidades ind\u00edgenas.<\/p>\n<p style=\"text-align: justify;\">\u00a0<\/p>\n<p style=\"text-align: justify;\">Fonte: CNBB<\/p>\n","protected":false},"excerpt":{"rendered":"<p>Relat\u00f3rio chama aten\u00e7\u00e3o para o aumento de assassinatos no campo em 2016 \u201cEsse relat\u00f3rio n\u00e3o \u00e9 um livro. N\u00e3o s\u00e3o apenas dados, mas s\u00e3o pessoas que pretendemos mostrar ao Brasil\u201d, dessa forma dom Leonardo Steiner, secret\u00e1rio geral da Confer\u00eancia Nacional dos Bispos do Brasil (CNBB) e bispo auxiliar de Bras\u00edlia se referiu \u00e0 publica\u00e7\u00e3o &#8220;Conflitos [&hellip;]<\/p>\n","protected":false},"author":1,"featured_media":29519,"comment_status":"open","ping_status":"open","sticky":false,"template":"","format":"standard","meta":{"footnotes":""},"categories":[7],"tags":[],"class_list":["post-29520","post","type-post","status-publish","format-standard","has-post-thumbnail","hentry","category-cnbb"],"_links":{"self":[{"href":"https:\/\/catolicanet.net\/wp-cnet\/wp-json\/wp\/v2\/posts\/29520","targetHints":{"allow":["GET"]}}],"collection":[{"href":"https:\/\/catolicanet.net\/wp-cnet\/wp-json\/wp\/v2\/posts"}],"about":[{"href":"https:\/\/catolicanet.net\/wp-cnet\/wp-json\/wp\/v2\/types\/post"}],"author":[{"embeddable":true,"href":"https:\/\/catolicanet.net\/wp-cnet\/wp-json\/wp\/v2\/users\/1"}],"replies":[{"embeddable":true,"href":"https:\/\/catolicanet.net\/wp-cnet\/wp-json\/wp\/v2\/comments?post=29520"}],"version-history":[{"count":1,"href":"https:\/\/catolicanet.net\/wp-cnet\/wp-json\/wp\/v2\/posts\/29520\/revisions"}],"predecessor-version":[{"id":30996,"href":"https:\/\/catolicanet.net\/wp-cnet\/wp-json\/wp\/v2\/posts\/29520\/revisions\/30996"}],"wp:featuredmedia":[{"embeddable":true,"href":"https:\/\/catolicanet.net\/wp-cnet\/wp-json\/wp\/v2\/media\/29519"}],"wp:attachment":[{"href":"https:\/\/catolicanet.net\/wp-cnet\/wp-json\/wp\/v2\/media?parent=29520"}],"wp:term":[{"taxonomy":"category","embeddable":true,"href":"https:\/\/catolicanet.net\/wp-cnet\/wp-json\/wp\/v2\/categories?post=29520"},{"taxonomy":"post_tag","embeddable":true,"href":"https:\/\/catolicanet.net\/wp-cnet\/wp-json\/wp\/v2\/tags?post=29520"}],"curies":[{"name":"wp","href":"https:\/\/api.w.org\/{rel}","templated":true}]}}