{"id":29504,"date":"2017-04-17T13:19:51","date_gmt":"2017-04-17T16:19:51","guid":{"rendered":"http:\/\/catolicanet.net\/wp-cnet\/2017\/04\/17\/aleluia-aleluia\/"},"modified":"2017-06-09T10:39:12","modified_gmt":"2017-06-09T13:39:12","slug":"aleluia-aleluia","status":"publish","type":"post","link":"https:\/\/catolicanet.net\/wp-cnet\/aleluia-aleluia\/","title":{"rendered":"Aleluia, aleluia"},"content":{"rendered":"<p style=\"text-align: justify;\">Se um dia pudesse escrever um texto com trilha sonora, a m\u00fasica seria um misto de louvor e agradecimento, tal qual mir\u00edades de anjos e arcanjos entoam na eternidade. Aleluia! Meu desafio \u00e9 extensivo aos meus leitores: ler este artigo com um fundo musical, tais quais os sons que o salmista entoava a Jav\u00e9, em seu esfor\u00e7o de orar duas vezes atrav\u00e9s de seus acordes, de sua harpa e seus versos. Davi cantava hosanas, entoava aleluia ao seu Deus e Senhor.<\/p>\n<p style=\"text-align: justify;\"> Exatamente esse dado hist\u00f3rico do grande salmista foi propulsor da m\u00fasica mais executada nos dias atuais. Desde 1984, a m\u00fasica Hallelluzah do cantor canadense Leonard Cohen vem fazendo hist\u00f3ria com seu controvertido processo de cria\u00e7\u00e3o, vers\u00f5es e grava\u00e7\u00f5es em sequ\u00eancia, tornando-se hoje um dos hits musicais mais tocados no mundo. Mas sua trajet\u00f3ria at\u00e9 aqui n\u00e3o foi nada santa. Basta dizer que seu compositor preencheu dois blocos com quase oitenta versos descartados. Chegou a desistir da letra ao se descobrir completamente perdido em sua cria\u00e7\u00e3o, \u201cbatendo com a cabe\u00e7a no ch\u00e3o e dizendo: N\u00e3o consigo terminar esta can\u00e7\u00e3o\u201d. Sua letra fazia refer\u00eancia ao adult\u00e9rio do rei Davi com Betsab\u00e1. Dizia: \u201cVoc\u00ea a viu se banhando do telhado\/ a beleza dela sob a luz do luar te arruinou\/(&#8230;)\/e dos seus l\u00e1bios ela extraiu a aleluia\u201d. Sua letra contava epis\u00f3dios b\u00edblicos de adult\u00e9rios e infidelidades apenas. N\u00e3o emplacou.<\/p>\n<p style=\"text-align: justify;\"> Mas a musicalidade da obra despertou interesses. Mais de 300 compositores, de nacionalidades diversas, tentaram novas letras e ao final de 2008 a m\u00fasica j\u00e1 tinha vendido cinco milh\u00f5es de c\u00f3pias, incluindo neste mercado a vers\u00e3o de John Cale (1991), depois de apresentar a Cohen quinze p\u00e1ginas de letras, das quais ficaram apenas os versos \u201cmais atrevidos\u201d. Nesse per\u00edodo, chegou a ser m\u00fasica-tema do filme Shrek, com a vers\u00e3o de Cale. Mas somente ap\u00f3s 2008 \u00e9 que a vers\u00e3o de Alexandra Burke quebrou recordes de vendas na Europa e em apenas um dia chegou a 105 mil downloads digitais, vendendo 576 mil c\u00f3pias na primeira semana. Tornou-se o mais vendido singles da primeira d\u00e9cada desse mil\u00eanio. \u00c9 hoje um dos maiores fen\u00f4menos musicais do mundo, com vers\u00f5es em idiomas onde sequer o termo \u201caleluia\u201d possua um correspondente \u00e0 altura do seu significado.<\/p>\n<p style=\"text-align: justify;\"> Mas, afinal, o que significa? Uma palavra de origem hebraica com um prefixo e um sufixo. Hallelu fala da a\u00e7\u00e3o de louvar, adorar, agradecer e Yah \u00e9 o nome de Deus, Jav\u00e9. Portanto, n\u00e3o h\u00e1 outro significado para a palavra do que o atributo humano do louvor, da venera\u00e7\u00e3o e gratid\u00e3o para com seu Deus e Criador. Hallelujah! Mesmo escrevendo asneiras, for\u00e7ando a situa\u00e7\u00e3o, usando da mal\u00edcia em sua cria\u00e7\u00e3o, n\u00e3o conseguimos driblar a a\u00e7\u00e3o de Deus em nossas vidas e impedir sua mensagem de amor. Mesmo desvirtuando sua parceria em tudo o que aqui criamos, Deus nos leva \u00e0 contempla\u00e7\u00e3o de suas maravilhas, atrav\u00e9s de uma mensagem simples, sem outras inten\u00e7\u00f5es que a verdade de seu amor por n\u00f3s. Ent\u00e3o, depois de trancos e barrancos, de desvios de objetivos, de negativas \u00e0 sua mensagem l\u00edmpida e transparente, podemos cantar hosanas, gritar aleluia. \u201cPai, eu quero te amar, tocar o teu cora\u00e7\u00e3o, me derramar aos teus p\u00e9s, mais perto eu quero estar, Senhor. E te adorar com tudo que eu sou. E te render gl\u00f3ria e aleluia\u201d.<\/p>\n<p style=\"text-align: justify;\"> O Senhor ressuscite em n\u00f3s. Aleluia!<\/p>\n","protected":false},"excerpt":{"rendered":"<p>Se um dia pudesse escrever um texto com trilha sonora, a m\u00fasica seria um misto de louvor e agradecimento, tal qual mir\u00edades de anjos e arcanjos entoam na eternidade. Aleluia! Meu desafio \u00e9 extensivo aos meus leitores: ler este artigo com um fundo musical, tais quais os sons que o salmista entoava a Jav\u00e9, em [&hellip;]<\/p>\n","protected":false},"author":17,"featured_media":0,"comment_status":"open","ping_status":"open","sticky":false,"template":"","format":"standard","meta":{"footnotes":""},"categories":[9],"tags":[],"class_list":["post-29504","post","type-post","status-publish","format-standard","hentry","category-artigos"],"_links":{"self":[{"href":"https:\/\/catolicanet.net\/wp-cnet\/wp-json\/wp\/v2\/posts\/29504","targetHints":{"allow":["GET"]}}],"collection":[{"href":"https:\/\/catolicanet.net\/wp-cnet\/wp-json\/wp\/v2\/posts"}],"about":[{"href":"https:\/\/catolicanet.net\/wp-cnet\/wp-json\/wp\/v2\/types\/post"}],"author":[{"embeddable":true,"href":"https:\/\/catolicanet.net\/wp-cnet\/wp-json\/wp\/v2\/users\/17"}],"replies":[{"embeddable":true,"href":"https:\/\/catolicanet.net\/wp-cnet\/wp-json\/wp\/v2\/comments?post=29504"}],"version-history":[{"count":1,"href":"https:\/\/catolicanet.net\/wp-cnet\/wp-json\/wp\/v2\/posts\/29504\/revisions"}],"predecessor-version":[{"id":31005,"href":"https:\/\/catolicanet.net\/wp-cnet\/wp-json\/wp\/v2\/posts\/29504\/revisions\/31005"}],"wp:attachment":[{"href":"https:\/\/catolicanet.net\/wp-cnet\/wp-json\/wp\/v2\/media?parent=29504"}],"wp:term":[{"taxonomy":"category","embeddable":true,"href":"https:\/\/catolicanet.net\/wp-cnet\/wp-json\/wp\/v2\/categories?post=29504"},{"taxonomy":"post_tag","embeddable":true,"href":"https:\/\/catolicanet.net\/wp-cnet\/wp-json\/wp\/v2\/tags?post=29504"}],"curies":[{"name":"wp","href":"https:\/\/api.w.org\/{rel}","templated":true}]}}