{"id":29494,"date":"2017-04-13T16:54:48","date_gmt":"2017-04-13T19:54:48","guid":{"rendered":"http:\/\/catolicanet.net\/wp-cnet\/2017\/04\/13\/assassinatos-no-campo-batem-novo-recorde-em-2016\/"},"modified":"2017-06-09T11:03:41","modified_gmt":"2017-06-09T14:03:41","slug":"assassinatos-no-campo-batem-novo-recorde-em-2016","status":"publish","type":"post","link":"https:\/\/catolicanet.net\/wp-cnet\/assassinatos-no-campo-batem-novo-recorde-em-2016\/","title":{"rendered":"Assassinatos no campo batem novo recorde em 2016"},"content":{"rendered":"<p style=\"text-align: justify;\"><img decoding=\"async\" src=\"http:\/\/www.catolicanet.com.br\/images\/stories\/noticias2017\/convite-lanamento_conflitoscampo2016-08.png\" border=\"0\" align=\"left\" \/>Relat\u00f3rio Conflitos no Campo Brasil 2016 ser\u00e1 lan\u00e7ado na segunda, dia 17 de abril<\/p>\n<p>Relat\u00f3rio &#8220;Conflitos no Campo Brasil 2016&#8221; que a Comiss\u00e3o Pastoral da Terra (CPT), um dos organismos da CNBB, lan\u00e7ar\u00e1 dia 17 de abril, constata que 2016 entra para a hist\u00f3ria como o ano com o maior n\u00famero de assassinatos no campo em decorr\u00eancia de conflito agr\u00e1rios nos \u00faltimos 13 anos. O monitoramento da CPT registrou 61 assassinatos ano passado, 11 a mais que em 2015, com registro de 50 assassinatos.<\/p>\n<p>Estes dados est\u00e3o na 32\u00aa edi\u00e7\u00e3o do relat\u00f3rio produzido pela CPT que re\u00fane dados sobre conflitos e viol\u00eancias sofridas pelos trabalhadores e trabalhadoras do campo brasileiro, neles inclusos ind\u00edgenas, quilombolas e demais povos tradicionais. O relat\u00f3rio ser\u00e1 lan\u00e7ado dia 17 de abril, pr\u00f3xima segunda-feira, \u00e0s 14h30 na sede da Confer\u00eancia Nacional dos Bispos do Brasil (CNBB), em Bras\u00edlia (DF). <\/p>\n<p>Estar\u00e3o presentes no lan\u00e7amento, o presidente da CPT, dom Enem\u00e9sio Lazzaris, membros da coordena\u00e7\u00e3o executiva nacional da CPT, representantes da CNBB, o professor da Universidade Federal da Para\u00edba (UFPB), Marco Mitidiero, a filha da Nicinha, militante do Movimento dos Atingidos por Barragens (MAB), assassinada em Rond\u00f4nia, Divanilce Andrade, entre outros convidados. <\/p>\n<p>N\u00fameros da impunidade<\/p>\n<p>O relat\u00f3rio mostra ainda que 48 destes assassinatos ocorreram na Amaz\u00f4nia Legal. Al\u00e9m do aumento no n\u00famero de assassinatos, houve aumento em outras viol\u00eancias. Amea\u00e7as de morte subiram 86% e tentativas de assassinato 68%. Os dados mostram 2016 como um dos anos mais violentos do per\u00edodo em que a CPT faz o registro desde 1985.<\/p>\n<p>Segundo os dados do Centro de Documenta\u00e7\u00e3o Dom Tom\u00e1s Balduino da CPT, entre 1985 e 2016 foram 1.387 casos com 1.834 pessoas assassinadas em conflitos no campo. Deste total, apenas 112 casos foram julgados, e houve a condena\u00e7\u00e3o de apenas 31 mandantes destes assassinatos. <\/p>\n<p>Servi\u00e7o: <\/p>\n<p>Lan\u00e7amento do relat\u00f3rio Conflitos no Campo Brasil 2016<br \/>Quando: 17 de abril (segunda-feira), a partir das 14h30.<br \/>Onde: Confer\u00eancia Nacional dos Bispos do Brasil (CNBB) \u2013 SE\/SUL, Qd, 801, Conj. B, Bras\u00edlia (DF).<\/p>\n<p>Informa\u00e7\u00f5es:<br \/>Cristiane Passos (62) 4008-6406 \/ 99268-6837 <br \/>Elvis Marques \u2013 (62) 4008-6414 \/ 99413-0298<br \/>Jo\u00e3o Dam\u00e1sio &#8211; (62) 4008-6412 <br \/>A partir das 14h30 do dia 17, todos os dados estar\u00e3o dispon\u00edveis na p\u00e1gina da CPT na internet: www.cptnacional.org.br \/ @cptnacional<\/p>\n<p style=\"text-align: justify;\">\u00a0<\/p>\n<p style=\"text-align: justify;\">Fonte: CNBB<\/p>\n<p style=\"text-align: justify;\">\u00a0<\/p>\n","protected":false},"excerpt":{"rendered":"<p>Relat\u00f3rio Conflitos no Campo Brasil 2016 ser\u00e1 lan\u00e7ado na segunda, dia 17 de abril Relat\u00f3rio &#8220;Conflitos no Campo Brasil 2016&#8221; que a Comiss\u00e3o Pastoral da Terra (CPT), um dos organismos da CNBB, lan\u00e7ar\u00e1 dia 17 de abril, constata que 2016 entra para a hist\u00f3ria como o ano com o maior n\u00famero de assassinatos no campo [&hellip;]<\/p>\n","protected":false},"author":1,"featured_media":29493,"comment_status":"open","ping_status":"open","sticky":false,"template":"","format":"standard","meta":{"footnotes":""},"categories":[7],"tags":[],"class_list":["post-29494","post","type-post","status-publish","format-standard","has-post-thumbnail","hentry","category-cnbb"],"_links":{"self":[{"href":"https:\/\/catolicanet.net\/wp-cnet\/wp-json\/wp\/v2\/posts\/29494","targetHints":{"allow":["GET"]}}],"collection":[{"href":"https:\/\/catolicanet.net\/wp-cnet\/wp-json\/wp\/v2\/posts"}],"about":[{"href":"https:\/\/catolicanet.net\/wp-cnet\/wp-json\/wp\/v2\/types\/post"}],"author":[{"embeddable":true,"href":"https:\/\/catolicanet.net\/wp-cnet\/wp-json\/wp\/v2\/users\/1"}],"replies":[{"embeddable":true,"href":"https:\/\/catolicanet.net\/wp-cnet\/wp-json\/wp\/v2\/comments?post=29494"}],"version-history":[{"count":1,"href":"https:\/\/catolicanet.net\/wp-cnet\/wp-json\/wp\/v2\/posts\/29494\/revisions"}],"predecessor-version":[{"id":31018,"href":"https:\/\/catolicanet.net\/wp-cnet\/wp-json\/wp\/v2\/posts\/29494\/revisions\/31018"}],"wp:featuredmedia":[{"embeddable":true,"href":"https:\/\/catolicanet.net\/wp-cnet\/wp-json\/wp\/v2\/media\/29493"}],"wp:attachment":[{"href":"https:\/\/catolicanet.net\/wp-cnet\/wp-json\/wp\/v2\/media?parent=29494"}],"wp:term":[{"taxonomy":"category","embeddable":true,"href":"https:\/\/catolicanet.net\/wp-cnet\/wp-json\/wp\/v2\/categories?post=29494"},{"taxonomy":"post_tag","embeddable":true,"href":"https:\/\/catolicanet.net\/wp-cnet\/wp-json\/wp\/v2\/tags?post=29494"}],"curies":[{"name":"wp","href":"https:\/\/api.w.org\/{rel}","templated":true}]}}