{"id":29488,"date":"2017-04-13T13:09:24","date_gmt":"2017-04-13T16:09:24","guid":{"rendered":"http:\/\/catolicanet.net\/wp-cnet\/2017\/04\/13\/sermao-do-encontro-2\/"},"modified":"2017-06-09T11:05:39","modified_gmt":"2017-06-09T14:05:39","slug":"sermao-do-encontro-2","status":"publish","type":"post","link":"https:\/\/catolicanet.net\/wp-cnet\/sermao-do-encontro-2\/","title":{"rendered":"Serm\u00e3o do Encontro"},"content":{"rendered":"<p style=\"text-align: justify;\">Largo da Gl\u00f3ria, Rio de Janeiro, RJ, 12 de abril de 2017<\/p>\n<p>Hoje estamos celebrando a Prociss\u00e3o do Encontro! A Prociss\u00e3o do Encontro nos prepara para come\u00e7armos, amanh\u00e3, Quinta-feira Santa, o santo Tr\u00edduo Pascal, que nos faz solenizar, na gra\u00e7a de Deus, o mist\u00e9rio da paix\u00e3o, morte e ressurrei\u00e7\u00e3o do Senhor. Pela Prociss\u00e3o do Encontro, o povo deseja reviver a paix\u00e3o de Cristo, seguir os Seus passos. Pelo sofrimento, realiza-se o grande reencontro da humanidade entre si e com Deus, representado em Cristo e Maria. Somente atrav\u00e9s do sofrimento \u00e9 que o homem poder\u00e1 encontrar-se com Deus e com o pr\u00f3ximo.<br \/> Jesus meu, por que carregas esta pesada cruz? Por que agora tua M\u00e3e adolorada v\u00ea-te carregando t\u00e3o pesado lenho? Eis a resposta que Ele nos d\u00e1: \u201cLevo esta cruz por amor ao Pai! Levo-a porque ningu\u00e9m pode tirar-me a vida: eu a dou livremente! Este \u00e9 o preceito que recebi do meu Pai querido! Levo-a para que o mundo saiba que eu amo o Pai! Olhai para mim, olhai! Eu amo o Pai e fa\u00e7o como o Pai me ordenou! Eu me entrego ao Pai, eu me confio ao Pai, eu coloco nas m\u00e3os do meu querido Pai a minha vida! Mas, levo-a tamb\u00e9m por v\u00f3s; porque o Pai amou tanto o mundo, amou tanto a todos v\u00f3s, pecadores, que Me entregou \u00e0 morte, a Mim, seu \u00fanico Filho, para que Eu d\u00ea a todos a salva\u00e7\u00e3o e a vida! Vede minha cruz, vede minha dor, vede minhas chagas, contemplai minha queda! Eu vos amei! <br \/> N\u00e3o h\u00e1 maior prova de amor que dar a vida por quem se ama&#8230; N\u00e3o vos amei s\u00f3 com palavras, n\u00e3o vos amei s\u00f3 com sentimentos. N\u00e3o! Amei-vos no peso desse madeiro, amei-vos nas quedas dolorosas que tanto me feriram, amei-vos nas gotas rubras de sangue por mim vertidas, amei-vos nos cravos pontiagudos&#8230; Amei-vos de verdade, de modo concreto! Amei-vos at\u00e9 o fim, at\u00e9 a morte!<br \/> A li\u00e7\u00e3o que o Senhor Jesus nos d\u00e1 hoje: amor total e confiante ao Pai, amor generoso e concreto, real, por n\u00f3s todos! Pela cruz de Jesus, amemos assim; pelas Suas santas chagas, sigamos Seu exemplo; pela Sua doloros\u00edssima Paix\u00e3o, paguemos-lhe amor com amor, doa\u00e7\u00e3o por doa\u00e7\u00e3o, compromisso por compromisso!<br \/> Perd\u00e3o, Senhor, por nosso amor t\u00e3o frio! Perd\u00e3o por nosso amor s\u00f3 de palavras! Perd\u00e3o pelas infidelidades de nosso cora\u00e7\u00e3o velhaco! Perd\u00e3o por nossa pregui\u00e7a espiritual, pela nossa lentid\u00e3o para com o que \u00e9 teu e nossa prontid\u00e3o para com o que \u00e9 do mundo e do pecado! Perd\u00e3o, Senhor! Pecamos, Senhor! Miseric\u00f3rdia!<br \/> Aprendamos tamb\u00e9m com a imagem da Bem-Aventurada Virgem Maria. A quem te comparar? Quem se assemelha a ti, Filha de Jerusal\u00e9m? Quem poder\u00e1 consolar-te, Virgem, Filha de Si\u00e3o? Grande como o mar \u00e9 o teu desastre! Quem te curar\u00e1? (Lm 2,13). A M\u00e3e do Senhor \u00e9 toda dor, toda tristeza! Mas, pensai, irm\u00e3os, pensai! Quanta for\u00e7a, nessa doce mulher, quanta dignidade, quanta fidelidade ao Senhor Deus!<br \/> \u00d3 Maria Virgem, o Anjo te havia prometido: \u201cEle ser\u00e1 grande! O Senhor Deus lhe dar\u00e1 o trono de Davi, seu Pai&#8230; O Seu reino n\u00e3o ter\u00e1 fim\u201d! E agora, o que v\u00eas? O teu Filho feito trapo humano, feito farrapo de gente, abandonado, ultrajado, injusti\u00e7ado, machucado de corpo e de cora\u00e7\u00e3o! Onde est\u00e1 o teu Deus, Virgem Maria? Onde, as suas promessas?<br \/> Virgem Sant\u00edssima, ensina-nos a esperar no Senhor, mesmo na dor! Ensina-nos a sofrer com a tua dignidade, com a tua esperan\u00e7a! \u00d3 mulher t\u00e3o elegante, mais elegante que todas! Quanta eleg\u00e2ncia, quanta altivez, quanta for\u00e7a, quanta dignidade, quanta beleza em ti, aos p\u00e9s da cruz! Senhora nossa, \u00e9s Senhora de ti mesma, antes de seres Nossa Senhora! No Altar da agonia, foste consolo para quem padecia, foste ternura naquele entardecer, foste esperan\u00e7a do amanhecer! Pela espada t\u00e3o dolorosa que traspassa agora tua alma, roga por n\u00f3s, Virgem Maria! Roga pelas m\u00e3es que sofrem por seus filhos, roga pelos lares destro\u00e7ados, roga pelos filhos que caem na droga e na imoralidade, roga pelos filhos sem lar, roga por todos n\u00f3s, pecadores, agora e na hora da morte de cada um de n\u00f3s!<br \/> A ti, uma espada terr\u00edvel traspassa a alma! Tu tamb\u00e9m, M\u00e3e mais bendita que todas, tens de pagar tua parte na salva\u00e7\u00e3o do mundo! Suporta, pois, Virgem! Suporta com Ele, por n\u00f3s! Completa em tua carne bendita, completa na carne da tua alma ferida, o que falta \u00e0 paix\u00e3o do teu Filho! D\u00e1-nos \u00e0 luz na dor, tu, que, sem dor O deste \u00e0 luz! Por amor do teu Filho, roga por n\u00f3s, filhos teus, agora e na hora de nossa morte!<br \/> \u00d3 Senhor Jesus, Homem de dores, desfigurado pelos nossos pecados! \u00d3 Lenho verde, cheio de vida! Piedade das m\u00e3es e dos pais do mundo inteiro. Piedade desses lenhos secos! Piedade dos que choram por seus filhos, filhos de um mundo sem Deus! Piedade, porque seus filhos estragam a vida, ressecam o cora\u00e7\u00e3o na falta de Deus, na falta de esperan\u00e7a, na droga que mata, na viol\u00eancia que dilacera, no sexo sem amor nem consequ\u00eancia, que esvazia o sentido do amor e tira a alegria de viver! Piedade desses pais, piedade desses filhos nossos, lenhos num mundo sem Deus!<br \/> Portanto, somos convidados nesta prociss\u00e3o a olhar para as imagens de Jesus e de sua M\u00e3e, Maria, a Virgem. Duas imagens, duas li\u00e7\u00f5es, duas emo\u00e7\u00f5es! Primeiro a imagem de Cristo, daquele que por n\u00f3s Se fez obediente ao Pai at\u00e9 a morte e morte de cruz. Vede: fez-Se obediente ao Pai&#8230; por n\u00f3s! Olhai a cruz: a\u00ed aparece o amor de Jesus ao Pai, a\u00ed aparece o amor de Jesus por n\u00f3s! Olhemos, agora, a imagem de Nossa Senhora das Dores: Contemplando esta imagem da Virgem, nos perguntamos: \u201cA quem te comparar? Quem se assemelha a ti, Filha de Jerusal\u00e9m? Quem poder\u00e1 consolar-te, Virgem, Filha de Si\u00e3o? Grande como o mar \u00e9 o teu desastre! Quem te curar\u00e1\u201d? (Lm 2,13). Maria Sant\u00edssima, a M\u00e3e do Senhor, nossa amada M\u00e3e, sente dor, est\u00e1 triste, contemplando seu Filho com a Cruz a caminho do Calv\u00e1rio. Mais uma dor forte, digna, de fidelidade \u00e0 vontade do Pai!<br \/>Num mundo, infelizmente, marcado pela intoler\u00e2ncia, pelo pecado, pela morte, pela viol\u00eancia e pela dor, n\u00f3s choramos por n\u00f3s e por nossos pecados! N\u00f3s choramos por esta cidade que se afasta de Jesus e vive caminhos tortuosos! Choramos pelo mundo distante da gra\u00e7a Divina, que muitos est\u00e3o construindo longe de ti e contra ti! Tamb\u00e9m n\u00e3o choramos por tua M\u00e3e: Tu a consolar\u00e1s! Mas, quem nos consolar\u00e1, neste mundo sem Deus? Quem nos consolar\u00e1 neste mundo que n\u00e3o respeita a vida humana? Quem nos consolar\u00e1 neste mundo que n\u00e3o respeita o matrim\u00f4nio sacramento entre o homem e a mulher? Quem nos consolar\u00e1 neste Brasil que quer implementar a ideologia de g\u00eanero numa maligna e terrorista pol\u00edtica partid\u00e1ria contra a vida humana? Quem nos consolar\u00e1 neste Brasil que quer descriminar o aborto, passando por cima do Poder Legislativo? Quem nos consolar\u00e1 quando h\u00e1 usurpa\u00e7\u00e3o de poderes constitucionais? Pode haver consolo verdadeiro sem Deus? Pode haver consolo verdadeiro se aborto quer ser legalizado por aqueles que n\u00e3o s\u00e3o os representantes do povo? <br \/>Pelas tuas dores, piedade de n\u00f3s! Pelos teus passos dolorosos, piedade de n\u00f3s! Pelas dores de tua M\u00e3e Sant\u00edssima, piedade de n\u00f3s! Am\u00e9m.<\/p>\n","protected":false},"excerpt":{"rendered":"<p>Largo da Gl\u00f3ria, Rio de Janeiro, RJ, 12 de abril de 2017 Hoje estamos celebrando a Prociss\u00e3o do Encontro! A Prociss\u00e3o do Encontro nos prepara para come\u00e7armos, amanh\u00e3, Quinta-feira Santa, o santo Tr\u00edduo Pascal, que nos faz solenizar, na gra\u00e7a de Deus, o mist\u00e9rio da paix\u00e3o, morte e ressurrei\u00e7\u00e3o do Senhor. Pela Prociss\u00e3o do Encontro, [&hellip;]<\/p>\n","protected":false},"author":5,"featured_media":0,"comment_status":"open","ping_status":"open","sticky":false,"template":"","format":"standard","meta":{"footnotes":""},"categories":[9],"tags":[],"class_list":["post-29488","post","type-post","status-publish","format-standard","hentry","category-artigos"],"_links":{"self":[{"href":"https:\/\/catolicanet.net\/wp-cnet\/wp-json\/wp\/v2\/posts\/29488","targetHints":{"allow":["GET"]}}],"collection":[{"href":"https:\/\/catolicanet.net\/wp-cnet\/wp-json\/wp\/v2\/posts"}],"about":[{"href":"https:\/\/catolicanet.net\/wp-cnet\/wp-json\/wp\/v2\/types\/post"}],"author":[{"embeddable":true,"href":"https:\/\/catolicanet.net\/wp-cnet\/wp-json\/wp\/v2\/users\/5"}],"replies":[{"embeddable":true,"href":"https:\/\/catolicanet.net\/wp-cnet\/wp-json\/wp\/v2\/comments?post=29488"}],"version-history":[{"count":1,"href":"https:\/\/catolicanet.net\/wp-cnet\/wp-json\/wp\/v2\/posts\/29488\/revisions"}],"predecessor-version":[{"id":31021,"href":"https:\/\/catolicanet.net\/wp-cnet\/wp-json\/wp\/v2\/posts\/29488\/revisions\/31021"}],"wp:attachment":[{"href":"https:\/\/catolicanet.net\/wp-cnet\/wp-json\/wp\/v2\/media?parent=29488"}],"wp:term":[{"taxonomy":"category","embeddable":true,"href":"https:\/\/catolicanet.net\/wp-cnet\/wp-json\/wp\/v2\/categories?post=29488"},{"taxonomy":"post_tag","embeddable":true,"href":"https:\/\/catolicanet.net\/wp-cnet\/wp-json\/wp\/v2\/tags?post=29488"}],"curies":[{"name":"wp","href":"https:\/\/api.w.org\/{rel}","templated":true}]}}