{"id":29467,"date":"2017-04-12T18:45:09","date_gmt":"2017-04-12T21:45:09","guid":{"rendered":"http:\/\/catolicanet.net\/wp-cnet\/2017\/04\/12\/o-sentido-da-pascoa-para-os-cristaos\/"},"modified":"2017-06-09T11:26:28","modified_gmt":"2017-06-09T14:26:28","slug":"o-sentido-da-pascoa-para-os-cristaos","status":"publish","type":"post","link":"https:\/\/catolicanet.net\/wp-cnet\/o-sentido-da-pascoa-para-os-cristaos\/","title":{"rendered":"O sentido da P\u00e1scoa para os crist\u00e3os"},"content":{"rendered":"<p style=\"text-align: justify;\"><img decoding=\"async\" src=\"http:\/\/www.catolicanet.com.br\/images\/stories\/artigos\/professor lino.jpg\" border=\"0\" align=\"left\" \/>*Lino Rampazzo<\/p>\n<p style=\"text-align: justify;\">\u201cDeus disse: Haja luzes no firmamento do c\u00e9u, para distinguir o dia da noite; sirvam de sinais para as festas, para os dias e para os anos.\u201d Esse texto do livro do G\u00eanesis (1,14) pode ser aplicado tamb\u00e9m para as festas crist\u00e3s, inclusive a P\u00e1scoa.<\/p>\n<p style=\"text-align: justify;\">Para os judeus, a data da P\u00e1scoa correspondia \u00e0 primeira Lua cheia da primavera. Para n\u00f3s que moramos no hemisf\u00e9rio Sul, corresponde \u00e0 primeira Lua cheia de outono.<\/p>\n<p style=\"text-align: justify;\">O termo P\u00e1scoa, em hebraico Peshah, significa \u201cpassagem\u201d. Tratava-se de uma antiga festa primaveril de pastores n\u00f4mades, que se transferiam das passagens invernais \u00e0s da primavera. Celebrava-se uma festa, na qual se ofereciam \u00e0 Divindade as prim\u00edcias da cevada e os primog\u00eanitos do rebanho.<\/p>\n<p style=\"text-align: justify;\">Sucessivamente a P\u00e1scoa recebe um novo significado: trata-se da passagem da escravid\u00e3o do Egito \u00e0 liberdade, no tempo de Mois\u00e9s. Continua o sacrif\u00edcio do primog\u00eanito do rebanho: o do \u201ccordeiro, sem defeito, macho, nascido naquele ano\u201d (Ex 12,5).<\/p>\n<p style=\"text-align: justify;\">Nos dias da P\u00e1scoa hebraica, Jesus morre e ressuscita. E a P\u00e1scoa assume, assim, um novo significado: trata-se da \u201cpassagem\u201d da morte para a ressurrei\u00e7\u00e3o.<\/p>\n<p style=\"text-align: justify;\">Interessante \u00e9 o t\u00edtulo de \u201cCordeiro de Deus\u201d (Jo 1,36), dado a Jesus. Na mesma hora em que Jesus morre, os sacerdotes do Templo sacrificavam o cordeiro da P\u00e1scoa hebraica. A este cordeiro n\u00e3o podia ser quebrado nenhum osso (Ex 12,46). Depois da morte de Jesus, os soldados quebraram as pernas dos dois ladr\u00f5es. \u201cChegando por\u00e9m, a Ele, vendo que j\u00e1 estava morto, n\u00e3o lhe quebraram as pernas, mas um dos soldados abriu-lhe o peito com uma lan\u00e7a, e, imediatamente, saiu sangue e \u00e1gua\u201d (Jo 19,34). Sim, porque Ele \u00e9 o Novo Cordeiro da Nova P\u00e1scoa,\u00a0 de quem \u201cn\u00e3o foi quebrado nenhum osso\u201d (Jo 19,36). O sangue e a \u00e1gua apontam para a Igreja que nasce da Cruz de Cristo, cuja for\u00e7a salv\u00edfica \u00e9 transmitida, particularmente, na \u00e1gua do Batismo e no sangue da Eucaristia.<\/p>\n<p style=\"text-align: justify;\">E, para n\u00f3s crist\u00e3os, o que significa a P\u00e1scoa? Podemos encontrar a resposta na carta de Paulo, que \u00e9 proclamada durante a Vig\u00edlia Pascal: \u201cIrm\u00e3os, n\u00e3o sabeis que todos que fomos batizados em Cristo Jesus, \u00e9 na sua morte que fomos batizados? Pois pelo batismo n\u00f3s fomos sepultados com ele na morte para que, como Cristo foi ressuscitado dentre os mortos pela gl\u00f3ria do Pai, assim tamb\u00e9m n\u00f3s vivamos vida nova\u201d (Rm 6, 3-4). Essa refer\u00eancia a uma leitura proclamada na celebra\u00e7\u00e3o da Noite Pascal aponta para a experi\u00eancia da Liturgia.<\/p>\n<p style=\"text-align: justify;\">H\u00e1 um &#8220;princ\u00edpio&#8221; muito importante a ser seguido no caminho da nossa f\u00e9, expresso pelo axioma latino Lex orandi, lex credendi, a saber, &#8220;A lei da ora\u00e7\u00e3o \u00e9 a\u00a0 lei da f\u00e9\u201d. Isso significa que a ora\u00e7\u00e3o expressa a nossa f\u00e9.<\/p>\n<p style=\"text-align: justify;\">Tal princ\u00edpio se aplica, particularmente, na ora\u00e7\u00e3o p\u00fablica da Igreja: a Liturgia. A palavra \u201cLiturgia\u201d vem do grego\u00a0 leiton ergon e significa, ao p\u00e9 da letra, \u201cobra p\u00fablica\u201d. Para n\u00f3s, refere-se \u00e0 ora\u00e7\u00e3o p\u00fablica e oficial da Igreja. E a Liturgia da Igreja, especialmente no tempo da quaresma e no tempo pascal mostra como entender e viver a P\u00e1scoa crist\u00e3.<\/p>\n<p style=\"text-align: justify;\">Vamos \u201centrar\u201d de cabe\u00e7a e cora\u00e7\u00e3o, nessa escola da Liturgia. As leituras e as ora\u00e7\u00f5es da Quaresma e do Tempo Pascal nos ajudam a viver a P\u00e1scoa como verdadeiros crist\u00e3os. E os que n\u00e3o frequentam a Igreja v\u00e3o perceber a novidade da P\u00e1scoa atrav\u00e9s do nosso testemunho no mundo, a favor da justi\u00e7a, da paz e da solidariedade: rumo \u00e0 P\u00e1scoa definitiva, quando ressuscitaremos no \u201cnovo C\u00e9u e na nova Terra\u201d (Ap 21,1).<\/p>\n<p style=\"text-align: justify;\">*Lino Rampazzo \u00e9 Doutor em Teologia pela Pontif\u00edcia Universidade Lateranense (Roma). Coordenador do Curso de Filosofia da Faculdade Can\u00e7\u00e3o Nova.<\/p>\n<p><\/p>\n","protected":false},"excerpt":{"rendered":"<p>*Lino Rampazzo \u201cDeus disse: Haja luzes no firmamento do c\u00e9u, para distinguir o dia da noite; sirvam de sinais para as festas, para os dias e para os anos.\u201d Esse texto do livro do G\u00eanesis (1,14) pode ser aplicado tamb\u00e9m para as festas crist\u00e3s, inclusive a P\u00e1scoa. Para os judeus, a data da P\u00e1scoa correspondia [&hellip;]<\/p>\n","protected":false},"author":1,"featured_media":29466,"comment_status":"open","ping_status":"open","sticky":false,"template":"","format":"standard","meta":{"footnotes":""},"categories":[9],"tags":[],"class_list":["post-29467","post","type-post","status-publish","format-standard","has-post-thumbnail","hentry","category-artigos"],"_links":{"self":[{"href":"https:\/\/catolicanet.net\/wp-cnet\/wp-json\/wp\/v2\/posts\/29467","targetHints":{"allow":["GET"]}}],"collection":[{"href":"https:\/\/catolicanet.net\/wp-cnet\/wp-json\/wp\/v2\/posts"}],"about":[{"href":"https:\/\/catolicanet.net\/wp-cnet\/wp-json\/wp\/v2\/types\/post"}],"author":[{"embeddable":true,"href":"https:\/\/catolicanet.net\/wp-cnet\/wp-json\/wp\/v2\/users\/1"}],"replies":[{"embeddable":true,"href":"https:\/\/catolicanet.net\/wp-cnet\/wp-json\/wp\/v2\/comments?post=29467"}],"version-history":[{"count":1,"href":"https:\/\/catolicanet.net\/wp-cnet\/wp-json\/wp\/v2\/posts\/29467\/revisions"}],"predecessor-version":[{"id":31033,"href":"https:\/\/catolicanet.net\/wp-cnet\/wp-json\/wp\/v2\/posts\/29467\/revisions\/31033"}],"wp:featuredmedia":[{"embeddable":true,"href":"https:\/\/catolicanet.net\/wp-cnet\/wp-json\/wp\/v2\/media\/29466"}],"wp:attachment":[{"href":"https:\/\/catolicanet.net\/wp-cnet\/wp-json\/wp\/v2\/media?parent=29467"}],"wp:term":[{"taxonomy":"category","embeddable":true,"href":"https:\/\/catolicanet.net\/wp-cnet\/wp-json\/wp\/v2\/categories?post=29467"},{"taxonomy":"post_tag","embeddable":true,"href":"https:\/\/catolicanet.net\/wp-cnet\/wp-json\/wp\/v2\/tags?post=29467"}],"curies":[{"name":"wp","href":"https:\/\/api.w.org\/{rel}","templated":true}]}}