{"id":29461,"date":"2017-04-12T18:24:31","date_gmt":"2017-04-12T21:24:31","guid":{"rendered":"http:\/\/catolicanet.net\/wp-cnet\/2017\/04\/12\/o-que-fazer-quando-o-padre-de-minha-paroquia-age-como-um-ditador\/"},"modified":"2017-06-09T11:35:21","modified_gmt":"2017-06-09T14:35:21","slug":"o-que-fazer-quando-o-padre-de-minha-paroquia-age-como-um-ditador","status":"publish","type":"post","link":"https:\/\/catolicanet.net\/wp-cnet\/o-que-fazer-quando-o-padre-de-minha-paroquia-age-como-um-ditador\/","title":{"rendered":"O que fazer quando o padre de minha par\u00f3quia age como um ditador?"},"content":{"rendered":"<p style=\"text-align: justify;\"><img decoding=\"async\" src=\"http:\/\/www.catolicanet.com.br\/images\/stories\/noticias2017\/24032lpr_e667a42e4ae04a0.jpg\" border=\"0\" align=\"left\" \/>N\u00e3o \u00e9 pecado pedir fidelidade ao seu padre<\/p>\n<p>Os sacerdotes s\u00e3o escolhidos por Deus, do meio do Povo, para servir \u00e0 Igreja e testemunhar o Redentor no mundo.<\/p>\n<p>Vejamos o que o C\u00f3digo de Direito Can\u00f4nico diz sobre o Sacramento da Ordem: \u201cPor divina institui\u00e7\u00e3o, gra\u00e7as ao sacramento da ordem, alguns entre os fi\u00e9is, pelo car\u00e1ter indel\u00e9vel com que s\u00e3o assinalados, s\u00e3o constitu\u00eddos ministros sagrados, isto \u00e9, s\u00e3o consagrados e delegados a fim de que, personificando a Cristo Cabe\u00e7a, cada qual no seu respectivo grau, apascentem o povo de Deus, desempenhando o m\u00fanus de ensinar, santificar e governar\u201d. (C\u00e2n. 1008). Os padres t\u00eam a miss\u00e3o de ensinar o caminho certo; de colaborar com a santifica\u00e7\u00e3o do Povo de Deus e de governar com justi\u00e7a a comunidade que lhe \u00e9 confiada.<\/p>\n<p>No entanto, isso n\u00e3o d\u00e1 ao presb\u00edtero o direito de se proclamar o rei todo-poderoso. Numa par\u00f3quia, por exemplo, o sacerdote \u00e9 convidado a presidir a comunidade dos fi\u00e9is, incentivando a participa\u00e7\u00e3o de todos. Muito estranho \u00e9 ver uma par\u00f3quia onde o p\u00e1roco faz o que quer, quando quer e como quer, mesmo contrariando o gosto e os sonhos de toda a comunidade.<\/p>\n<p>Devemos sempre nos lembrar de que o padre \u00e9 um ser humano, suscept\u00edvel a erros e possuidor de limita\u00e7\u00f5es. Ainda que no seu servi\u00e7o ministerial o pr\u00f3prio Cristo esteja \u00e0 frente de seus atos, o padre n\u00e3o deixa de ser pessoa d\u00e9bil e fr\u00e1gil, como bem afirma o Catecismo da Igreja Cat\u00f3lica: \u201cEsta presen\u00e7a de Cristo no seu ministro n\u00e3o deve ser entendida como se este estivesse premunido contra todas as fraquezas humanas, contra o af\u00e3 de dom\u00ednio, contra os erros, isto \u00e9, contra o pecado. A for\u00e7a do Esp\u00edrito Santo n\u00e3o garante do mesmo modo todos os atos do ministro. Enquanto que nos sacramentos esta garantia \u00e9 dada, de maneira que nem mesmo o pecado do ministro pode impedir o fruto da gra\u00e7a, h\u00e1 muitos outros atos em que a condi\u00e7\u00e3o humana do ministro deixa vest\u00edgios, que nem sempre s\u00e3o sinal de fidelidade ao Evangelho e podem, por conseguinte, prejudicar a fecundidade apost\u00f3lica da Igreja\u201d. (CIC, 1550)<\/p>\n<p>Ou seja, a comunidade tem autoridade moral para cobrar de seu sacerdote a postura que lhe deveria ser pr\u00f3pria. Um padre que humilha os paroquianos deve ser cobrado severamente.<\/p>\n<p>Um sacerdote que negligencia os doentes por causas esp\u00farias, tais como fixar-se na Internet ou ir a festas particulares tem de ser repreendido pelos membros da comunidade. Um presb\u00edtero que faz acep\u00e7\u00e3o de pessoas, tratando bem somente aquelas de altas posi\u00e7\u00f5es sociais, e visando apenas ao enriquecimento e ao dinheiro, precisa ser admoestado pelos paroquianos. N\u00e3o \u00e9 pecado pedir fidelidade ao seu padre! Mas e se ele n\u00e3o ouvir? E se ele usar seu poder contra aqueles que exigem dele a coer\u00eancia.<\/p>\n<p>Bem, muitos sacerdotes infi\u00e9is \u00e0 sua voca\u00e7\u00e3o t\u00eam usado do medo e do autoritarismo para calar as cr\u00edticas da comunidade. Querem viver acima de todas as leis, sem prestar contas a ningu\u00e9m. Mas saibam que todos podem recorrer a inst\u00e2ncias superiores. Se na sua par\u00f3quia existe algu\u00e9m arrogante, avarento, prepotente, est\u00fapido, libidinoso, vingativo, anti\u00e9tico, tenha certeza de que voc\u00ea pode recorrer ao bispo de sua diocese. Re\u00fana o conselho ou todos os que est\u00e3o insatisfeitos com os desmandos do sacerdote, e levem as queixas ao bispo, que t\u00eam a obriga\u00e7\u00e3o de ouvir os fi\u00e9is e de investigar as den\u00fancias. Se forem procedentes as acusa\u00e7\u00f5es, o padre pode ser punido, at\u00e9 mesmo com a demiss\u00e3o do estado clerical, dependendo da gravidade dos atos.<\/p>\n<p>No Direito Can\u00f4nico encontramos garantia de puni\u00e7\u00e3o a todos aqueles que se julgam acima da lei, com risco de perda do estado clerical, o mais terr\u00edvel mal que um sacerdote pode fazer \u00e0 sua pr\u00f3pria voca\u00e7\u00e3o: \u201cO cl\u00e9rigo que perde o estado clerical, de acordo com o direito, com ele perde os direitos pr\u00f3prios do estado clerical, e n\u00e3o est\u00e1 mais sujeito \u00e0s obriga\u00e7\u00f5es desse estado, salva a prescri\u00e7\u00e3o do C\u00e2n. 291 (o celibato); fica proibido de exercer o poder da ordem, salva a prescri\u00e7\u00e3o do C\u00e2n. 976 (ouvir confiss\u00e3o de uma pessoa \u00e0 beira da morte); fica privado, por isso mesmo, de todos os of\u00edcios, encargos e de todo o poder delegado\u201d. (C\u00e2n. 292)<\/p>\n<p>Portando, lembramos que a comunidade tem o dever principal de admoestar, de cuidar e de auxiliar os sacerdotes na caminhada vocacional. Aconselhar e rezar pelos padres \u00e9 miss\u00e3o de todo crist\u00e3o, pois todos somos respons\u00e1veis pela Igreja. Mas h\u00e1 formas de denunciar e extirpar os malef\u00edcios causados por \u00edmprobos sacerdotes ao redor de nosso pa\u00eds. A comunidade pode recorrer aos bispos, mas se por ventura alguns desses forem omissos com a comunidade, a comunidade tem o direito de ir a outras autoridades eclesi\u00e1sticas, que tamb\u00e9m cobrar\u00e3o dos bispos a miss\u00e3o de zelar pelas suas ovelhas. O Cristo jamais deve ser tra\u00eddo pelos que o representam, mas se isso acontecer, que os traidores sejam chamados ao tribunal!<\/p>\n<p style=\"text-align: justify;\">\u00a0<\/p>\n<p style=\"text-align: justify;\">Fonte: Aleteia<\/p>\n","protected":false},"excerpt":{"rendered":"<p>N\u00e3o \u00e9 pecado pedir fidelidade ao seu padre Os sacerdotes s\u00e3o escolhidos por Deus, do meio do Povo, para servir \u00e0 Igreja e testemunhar o Redentor no mundo. Vejamos o que o C\u00f3digo de Direito Can\u00f4nico diz sobre o Sacramento da Ordem: \u201cPor divina institui\u00e7\u00e3o, gra\u00e7as ao sacramento da ordem, alguns entre os fi\u00e9is, pelo [&hellip;]<\/p>\n","protected":false},"author":1,"featured_media":29460,"comment_status":"open","ping_status":"open","sticky":false,"template":"","format":"standard","meta":{"footnotes":""},"categories":[4],"tags":[],"class_list":["post-29461","post","type-post","status-publish","format-standard","has-post-thumbnail","hentry","category-cotidiano"],"_links":{"self":[{"href":"https:\/\/catolicanet.net\/wp-cnet\/wp-json\/wp\/v2\/posts\/29461","targetHints":{"allow":["GET"]}}],"collection":[{"href":"https:\/\/catolicanet.net\/wp-cnet\/wp-json\/wp\/v2\/posts"}],"about":[{"href":"https:\/\/catolicanet.net\/wp-cnet\/wp-json\/wp\/v2\/types\/post"}],"author":[{"embeddable":true,"href":"https:\/\/catolicanet.net\/wp-cnet\/wp-json\/wp\/v2\/users\/1"}],"replies":[{"embeddable":true,"href":"https:\/\/catolicanet.net\/wp-cnet\/wp-json\/wp\/v2\/comments?post=29461"}],"version-history":[{"count":1,"href":"https:\/\/catolicanet.net\/wp-cnet\/wp-json\/wp\/v2\/posts\/29461\/revisions"}],"predecessor-version":[{"id":31036,"href":"https:\/\/catolicanet.net\/wp-cnet\/wp-json\/wp\/v2\/posts\/29461\/revisions\/31036"}],"wp:featuredmedia":[{"embeddable":true,"href":"https:\/\/catolicanet.net\/wp-cnet\/wp-json\/wp\/v2\/media\/29460"}],"wp:attachment":[{"href":"https:\/\/catolicanet.net\/wp-cnet\/wp-json\/wp\/v2\/media?parent=29461"}],"wp:term":[{"taxonomy":"category","embeddable":true,"href":"https:\/\/catolicanet.net\/wp-cnet\/wp-json\/wp\/v2\/categories?post=29461"},{"taxonomy":"post_tag","embeddable":true,"href":"https:\/\/catolicanet.net\/wp-cnet\/wp-json\/wp\/v2\/tags?post=29461"}],"curies":[{"name":"wp","href":"https:\/\/api.w.org\/{rel}","templated":true}]}}