{"id":29433,"date":"2017-04-11T11:55:07","date_gmt":"2017-04-11T14:55:07","guid":{"rendered":"http:\/\/catolicanet.net\/wp-cnet\/2017\/04\/11\/papa-no-angelus-deus-converta-quem-semeia-morte-produz-e-trafica-armas\/"},"modified":"2017-06-09T13:13:10","modified_gmt":"2017-06-09T16:13:10","slug":"papa-no-angelus-deus-converta-quem-semeia-morte-produz-e-trafica-armas","status":"publish","type":"post","link":"https:\/\/catolicanet.net\/wp-cnet\/papa-no-angelus-deus-converta-quem-semeia-morte-produz-e-trafica-armas\/","title":{"rendered":"Papa no Angelus: Deus converta quem semeia morte, produz e trafica armas"},"content":{"rendered":"<p style=\"text-align: justify;\"><img decoding=\"async\" src=\"http:\/\/www.catolicanet.com.br\/images\/stories\/noticias2017\/epa2411239_articolo.jpg\" border=\"0\" align=\"left\" \/>Cidade do Vaticano (RV) &#8211; No final da missa do Domingo de Ramos (09\/04), o Papa Francisco rezou a ora\u00e7\u00e3o mariana do Angelus, na Pra\u00e7a S\u00e3o Pedro.<\/p>\n<p>Na alocu\u00e7\u00e3o que precedeu a ora\u00e7\u00e3o, o Pont\u00edfice disse:<\/p>\n<p style=\"text-align: justify;\">\u00a0<\/p>\n<p style=\"text-align: justify;\"><a href=\"http:\/\/media02.radiovaticana.va\/audio\/audio2\/mp3\/00577115.mp3\">Clique aqui para ouvir:<\/a><\/p>\n<p style=\"text-align: justify;\">\u00a0<\/p>\n<p style=\"text-align: justify;\">\u201cNo final desta celebra\u00e7\u00e3o, sa\u00fado cordialmente todos voc\u00eas aqui presentes, especialmente os que participaram da confer\u00eancia internacional em vista da assembleia sinodal sobre os jovens, promovida pelo Dicast\u00e9rio para os Leigos, a Fam\u00edlia e a Vida junto com a Secretaria Geral do S\u00ednodo dos Bispos. Esta sauda\u00e7\u00e3o se estende a todos os jovens que hoje, em torno de seus bispos, celebram a Jornada Mundial da Juventude em todas as dioceses do mundo. \u00c9 mais uma etapa da grande peregrina\u00e7\u00e3o, iniciada por S\u00e3o Jo\u00e3o Paulo II, que no ano passado nos reuniu em Crac\u00f3via e que nos convoca ao Panam\u00e1, em janeiro de 2019.\u201d<\/p>\n<p>\u201cPor isso, daqui a pouco, os jovens poloneses entregar\u00e3o a Cruz das Jornadas Mundiais da Juventude aos jovens panamenhos, acompanhados, uns e outros, por seus Pastores e Autoridades civis\u201d, disse ainda o Papa.<\/p>\n<p>\u201cPe\u00e7amos ao Senhor para que a Cruz, junto ao \u00edcone de Maria Salus Populi Romani, nos lugares em que passar, fa\u00e7a crescer a f\u00e9 e a esperan\u00e7a, revelando o amor invenc\u00edvel de Cristo.\u201d<\/p>\n<p style=\"text-align: justify;\">\u00a0<\/p>\n<p style=\"text-align: justify;\"><a href=\"https:\/\/www.youtube.com\/watch?v=WcdlXzM1Kek\">Clique aqui para assistir o v\u00eddeo:<\/a><\/p>\n<p style=\"text-align: justify;\">\u00a0<\/p>\n<p style=\"text-align: justify;\">A seguir, Francisco recordou as v\u00edtimas do atentado cometido na Su\u00e9cia:<\/p>\n<p>\u201cA Cristo, que hoje entra na Paix\u00e3o, e \u00e0 Virgem Santa confio as v\u00edtimas do atentado terrorista perpetrado, na \u00faltima sexta-feira (07\/04), em Estocolmo, bem como aqueles que ainda s\u00e3o duramente provados pela guerra, trag\u00e9dia da humanidade\u201d.<\/p>\n<p>O Papa recordou tamb\u00e9m as v\u00edtimas de uma explos\u00e3o na igreja Mar Girgis, na cidade de Tanta, no Egito, este domingo (09\/04), que deixou vinte e cinco mortos e 40 feridos. A cidade est\u00e1 situada a cem quil\u00f4metros ao norte do Cairo:<\/p>\n<p>\u201cRezemos pelas v\u00edtimas do atentado perpetrado, infelizmente, hoje, esta manh\u00e3, no Cairo, numa igreja copta. Ao meu querido irm\u00e3o, Sua Santidade Tawadros II, \u00e0 Igreja copta e a toda a querida na\u00e7\u00e3o eg\u00edpcia expresso o meu profundo sentimento de pesar. Rezo pelos defuntos e feridos. Estou pr\u00f3ximo aos familiares e a toda comunidade. Que o Senhor converta o cora\u00e7\u00e3o das pessoas que semeiam terror, viol\u00eancia e morte, e tamb\u00e9m o cora\u00e7\u00e3o daqueles que fazem e traficam armas.\u201d<\/p>\n<p style=\"text-align: justify;\">\u00a0<\/p>\n<p style=\"text-align: justify;\">Fonte: R\u00e1dio Vaticano<\/p>\n","protected":false},"excerpt":{"rendered":"<p>Cidade do Vaticano (RV) &#8211; No final da missa do Domingo de Ramos (09\/04), o Papa Francisco rezou a ora\u00e7\u00e3o mariana do Angelus, na Pra\u00e7a S\u00e3o Pedro. Na alocu\u00e7\u00e3o que precedeu a ora\u00e7\u00e3o, o Pont\u00edfice disse: \u00a0 Clique aqui para ouvir: \u00a0 \u201cNo final desta celebra\u00e7\u00e3o, sa\u00fado cordialmente todos voc\u00eas aqui presentes, especialmente os que [&hellip;]<\/p>\n","protected":false},"author":1,"featured_media":29432,"comment_status":"open","ping_status":"open","sticky":false,"template":"","format":"standard","meta":{"footnotes":""},"categories":[3],"tags":[],"class_list":["post-29433","post","type-post","status-publish","format-standard","has-post-thumbnail","hentry","category-vaticano"],"_links":{"self":[{"href":"https:\/\/catolicanet.net\/wp-cnet\/wp-json\/wp\/v2\/posts\/29433","targetHints":{"allow":["GET"]}}],"collection":[{"href":"https:\/\/catolicanet.net\/wp-cnet\/wp-json\/wp\/v2\/posts"}],"about":[{"href":"https:\/\/catolicanet.net\/wp-cnet\/wp-json\/wp\/v2\/types\/post"}],"author":[{"embeddable":true,"href":"https:\/\/catolicanet.net\/wp-cnet\/wp-json\/wp\/v2\/users\/1"}],"replies":[{"embeddable":true,"href":"https:\/\/catolicanet.net\/wp-cnet\/wp-json\/wp\/v2\/comments?post=29433"}],"version-history":[{"count":1,"href":"https:\/\/catolicanet.net\/wp-cnet\/wp-json\/wp\/v2\/posts\/29433\/revisions"}],"predecessor-version":[{"id":31052,"href":"https:\/\/catolicanet.net\/wp-cnet\/wp-json\/wp\/v2\/posts\/29433\/revisions\/31052"}],"wp:featuredmedia":[{"embeddable":true,"href":"https:\/\/catolicanet.net\/wp-cnet\/wp-json\/wp\/v2\/media\/29432"}],"wp:attachment":[{"href":"https:\/\/catolicanet.net\/wp-cnet\/wp-json\/wp\/v2\/media?parent=29433"}],"wp:term":[{"taxonomy":"category","embeddable":true,"href":"https:\/\/catolicanet.net\/wp-cnet\/wp-json\/wp\/v2\/categories?post=29433"},{"taxonomy":"post_tag","embeddable":true,"href":"https:\/\/catolicanet.net\/wp-cnet\/wp-json\/wp\/v2\/tags?post=29433"}],"curies":[{"name":"wp","href":"https:\/\/api.w.org\/{rel}","templated":true}]}}