{"id":29426,"date":"2017-04-11T11:18:11","date_gmt":"2017-04-11T14:18:11","guid":{"rendered":"http:\/\/catolicanet.net\/wp-cnet\/2017\/04\/11\/papa-recebe-criancas-doentes-em-encontro-fora-de-programa\/"},"modified":"2017-06-09T13:16:39","modified_gmt":"2017-06-09T16:16:39","slug":"papa-recebe-criancas-doentes-em-encontro-fora-de-programa","status":"publish","type":"post","link":"https:\/\/catolicanet.net\/wp-cnet\/papa-recebe-criancas-doentes-em-encontro-fora-de-programa\/","title":{"rendered":"Papa recebe crian\u00e7as doentes em encontro fora de programa"},"content":{"rendered":"<p style=\"text-align: justify;\"><img decoding=\"async\" src=\"http:\/\/www.catolicanet.com.br\/images\/stories\/afp6493691_articolo.jpg\" border=\"0\" align=\"left\" \/>Cidade do Vaticano (RV) \u2013 Encontro fora do programa nesta segunda-feira (10\/04) para o Papa: acompanhados por seus pais e m\u00e9dicos, vieram ao Vaticano algumas crian\u00e7as e jovens internados no Hospital Pedi\u00e1trico Bambino Ges\u00f9 de Roma e foram recebidos na Saleta Paulo VI. Eles s\u00e3o os protagonistas de uma s\u00e9rie de TV que apresenta o cotidiano de dez pequenos pacientes gravemente doentes e sua expectativa de cura.<\/p>\n<p style=\"text-align: justify;\">\u00a0<\/p>\n<p style=\"text-align: justify;\"><a href=\"http:\/\/media02.radiovaticana.va\/audio\/audio2\/mp3\/00577298.mp3\">Clique aqui para escutar:<\/a><\/p>\n<p style=\"text-align: justify;\">\u00a0<\/p>\n<p style=\"text-align: justify;\">Depois das apresenta\u00e7\u00f5es e das fotos, o Papa leu o bilhete escrito pelos jovens e agradeceu tamb\u00e9m pelo livro com a dedicat\u00f3ria que lhe foi presenteado. Em seguida, falando informalmente, o Papa quis ressaltar dois aspectos deste e do encontro anterior, em 15 de dezembro passado, que chamaram a sua aten\u00e7\u00e3o: o primeiro \u00e9 o fato de os m\u00e9dicos conhecerem cada pequeno paciente por nome. \u201cPercebi que mais do que um hospital, voc\u00eas parecem uma fam\u00edlia\u201d, observou.<\/p>\n<p>O segundo \u00e9 o carinho com que os m\u00e9dicos se relacionam com os menores: \u201c\u00c9 o rem\u00e9dio mais importante que a fam\u00edlia pode dar: o carinho!\u201d. O Papa resumiu afirmando que o Hospital Bambino Ges\u00f9 \u00e9 aonde as crian\u00e7as doentes encontram fam\u00edlia e comunidade. \u201c\u00c9 um testemunho de humanidade, e por isso lhes agrade\u00e7o\u201d.<\/p>\n<p>Enfim, Francisco revelou que o Vaticano cedeu seu heliporto para a aterrisagem de aeronaves com crian\u00e7as mais graves provenientes da S\u00edria, que seguem diretamente para o Hospital.<\/p>\n<p>\u201cO esp\u00edrito de fam\u00edlia \u00e9 contagioso\u2026 cada um \u00e9 importante, mas sempre juntos!\u201d, concluiu, antes de cumprimentar cada um, conceder a sua b\u00ean\u00e7\u00e3o e pedir que rezassem por ele.<\/p>\n","protected":false},"excerpt":{"rendered":"<p>Cidade do Vaticano (RV) \u2013 Encontro fora do programa nesta segunda-feira (10\/04) para o Papa: acompanhados por seus pais e m\u00e9dicos, vieram ao Vaticano algumas crian\u00e7as e jovens internados no Hospital Pedi\u00e1trico Bambino Ges\u00f9 de Roma e foram recebidos na Saleta Paulo VI. Eles s\u00e3o os protagonistas de uma s\u00e9rie de TV que apresenta o [&hellip;]<\/p>\n","protected":false},"author":1,"featured_media":29425,"comment_status":"open","ping_status":"open","sticky":false,"template":"","format":"standard","meta":{"footnotes":""},"categories":[3],"tags":[],"class_list":["post-29426","post","type-post","status-publish","format-standard","has-post-thumbnail","hentry","category-vaticano"],"_links":{"self":[{"href":"https:\/\/catolicanet.net\/wp-cnet\/wp-json\/wp\/v2\/posts\/29426","targetHints":{"allow":["GET"]}}],"collection":[{"href":"https:\/\/catolicanet.net\/wp-cnet\/wp-json\/wp\/v2\/posts"}],"about":[{"href":"https:\/\/catolicanet.net\/wp-cnet\/wp-json\/wp\/v2\/types\/post"}],"author":[{"embeddable":true,"href":"https:\/\/catolicanet.net\/wp-cnet\/wp-json\/wp\/v2\/users\/1"}],"replies":[{"embeddable":true,"href":"https:\/\/catolicanet.net\/wp-cnet\/wp-json\/wp\/v2\/comments?post=29426"}],"version-history":[{"count":1,"href":"https:\/\/catolicanet.net\/wp-cnet\/wp-json\/wp\/v2\/posts\/29426\/revisions"}],"predecessor-version":[{"id":31056,"href":"https:\/\/catolicanet.net\/wp-cnet\/wp-json\/wp\/v2\/posts\/29426\/revisions\/31056"}],"wp:featuredmedia":[{"embeddable":true,"href":"https:\/\/catolicanet.net\/wp-cnet\/wp-json\/wp\/v2\/media\/29425"}],"wp:attachment":[{"href":"https:\/\/catolicanet.net\/wp-cnet\/wp-json\/wp\/v2\/media?parent=29426"}],"wp:term":[{"taxonomy":"category","embeddable":true,"href":"https:\/\/catolicanet.net\/wp-cnet\/wp-json\/wp\/v2\/categories?post=29426"},{"taxonomy":"post_tag","embeddable":true,"href":"https:\/\/catolicanet.net\/wp-cnet\/wp-json\/wp\/v2\/tags?post=29426"}],"curies":[{"name":"wp","href":"https:\/\/api.w.org\/{rel}","templated":true}]}}