{"id":29417,"date":"2017-04-10T16:43:25","date_gmt":"2017-04-10T19:43:25","guid":{"rendered":"http:\/\/catolicanet.net\/wp-cnet\/2017\/04\/10\/santuario-de-fatima-esta-pronto-para-receber-um-milhao-de-pessoas-garante-reitor\/"},"modified":"2017-06-09T13:24:17","modified_gmt":"2017-06-09T16:24:17","slug":"santuario-de-fatima-esta-pronto-para-receber-um-milhao-de-pessoas-garante-reitor","status":"publish","type":"post","link":"https:\/\/catolicanet.net\/wp-cnet\/santuario-de-fatima-esta-pronto-para-receber-um-milhao-de-pessoas-garante-reitor\/","title":{"rendered":"Santu\u00e1rio de F\u00e1tima est\u00e1 pronto para receber um milh\u00e3o de pessoas, garante reitor"},"content":{"rendered":"<p style=\"text-align: justify;\"><img decoding=\"async\" src=\"http:\/\/www.catolicanet.com.br\/images\/stories\/noticias2017\/santuariofatima_flickr.jpg\" border=\"0\" align=\"left\" \/>FATIMA, 10 Abr. 17 \/ 06:00 am (ACI).- O Santu\u00e1rio de F\u00e1tima, em Portugal, est\u00e1 preparado para acolher \u201cem seguran\u00e7a\u201d o Papa Francisco e cerca de um milh\u00e3o de pessoas nos dias 12 e 13 de maio, por ocasi\u00e3o da comemora\u00e7\u00e3o do centen\u00e1rio das apari\u00e7\u00f5es, conforme precisou o reitor Padre Carlos Cabecinhas.<\/p>\n<p>Em uma coletiva de imprensa na sexta-feira foi apresentada a opera\u00e7\u00e3o em torno da visita do Papa Francisco, a qual conta envolve Santu\u00e1rio de F\u00e1tima, C\u00e2mara Municipal de Our\u00e9m, Autoridade Nacional de Prote\u00e7\u00e3o Civil e Guarda Nacional Republicana.<\/p>\n<p>\u201cEstamos preparados para acolher Sua Santidade e igualmente preparados para acolher os peregrinos que aqui acorrer\u00e3o\u201d, garantiu o Pe. Cabecinhas, a pouco mais de um m\u00eas da visita do Pont\u00edfice.<\/p>\n<p>\u201cGostaria de come\u00e7ar por dizer que, F\u00e1tima \u00e9 um lugar seguro. Hoje, a seguran\u00e7a est\u00e1 na ordem do dia, mas as v\u00e1rias entidades envolvidas na prepara\u00e7\u00e3o da visita do Papa tudo est\u00e3o fazendo para garantir a seguran\u00e7a dos que aqui estar\u00e3o\u201d, sublinhou.<\/p>\n<p>Tamb\u00e9m participaram da coletiva de imprensa no Centro Pastoral Paulo VI o presidente da C\u00e2mara Municipal de Our\u00e9m, Paulo Fonseca, o porta-voz da Guarda Nacional Republicana (GNR),\u00a0 major Bruno Marques, e o coronel Albino Tavares, da Autoridade Nacional de Prote\u00e7\u00e3o Civil (ANPC).<\/p>\n<p>A GNR e a ANPC informaram que est\u00e1 sendo realizada uma \u201copera\u00e7\u00e3o de larga escala\u201d, envolvendo a seguran\u00e7a do Papa Francisco, dos peregrinos e demais habitantes da regi\u00e3o, e que se estender\u00e1 a distritos como Lisboa, Coimbra, Castelo Branco e Santar\u00e9m.<\/p>\n<p>Haver\u00e1 \u201cuma for\u00e7a multidisciplinar capaz de prevenir ou cessar qualquer atividade il\u00edcita\u201d e para prestar aux\u00edlio a quem mais precise, assegurou o major Bruno Marques.<\/p>\n<p>Segundo o presidente da C\u00e2mara Municipal de Our\u00e9m, al\u00e9m da seguran\u00e7a e da prote\u00e7\u00e3o, est\u00e1 tudo garantido do ponto de vista do acolhimento.<\/p>\n<p>Os envolvidos nesta opera\u00e7\u00e3o est\u00e3o empenhados em \u201cmostrar ao mundo uma imagem positiva e de qualidade de F\u00e1tima, da regi\u00e3o e do pa\u00eds\u201d, no mesmo tempo em que desejam contribuir para a difus\u00e3o da \u201cmensagem de F\u00e1tima\u201d, assegura Paulo Fonseca.<\/p>\n<p>Explicou ainda que ser\u00e1 disponibilizado um \u201cgabinete de apoio ao peregrino\u201d, o qual funcionar\u00e1 junto ao posto de turismo de F\u00e1tima. Al\u00e9m disso, peregrinos campistas tamb\u00e9m ter\u00e3o um espa\u00e7o junto ao campo de jogos do Grupo Desportivo de F\u00e1tima.<\/p>\n<p>Aqueles que quiserem montar suas tendas na Cova da Iria ter\u00e3o acesso a casas de banho m\u00f3veis, a chuveiros e a apoio de seguran\u00e7a por parte da Guarda Nacional Republicana (GNR).<\/p>\n<p>Por sua vez, o reitor Pe. Carlos Cabecinhas ressaltou que o Santu\u00e1rio \u00e9 um largo espa\u00e7o, \u201chabituado a multid\u00f5es\u201d, que j\u00e1 recebeu v\u00e1rios Papas e, como nas visitas anteriores, \u201co recinto estar\u00e1 sempre aberto aos peregrinos: n\u00e3o fecha, n\u00e3o encerra, sendo sempre poss\u00edvel entrar e sair\u201d.<\/p>\n<p>Entretanto, lembrou que se trata de um espa\u00e7o f\u00edsico limitado e, portanto, \u201ctemos consci\u00eancia de que nem todos os peregrinos conseguir\u00e3o entrar\u201d.<\/p>\n<p>Por isso, o Santu\u00e1rio e a C\u00e2mara Municipal v\u00e3o disponibilizar tel\u00f5es fora do Recinto para permitir que aqueles que n\u00e3o conseguirem entrar possam acompanhar as celebra\u00e7\u00f5es.<\/p>\n<p style=\"text-align: justify;\">\u00a0<\/p>\n<p style=\"text-align: justify;\">Fonte: Acidigital<\/p>\n","protected":false},"excerpt":{"rendered":"<p>FATIMA, 10 Abr. 17 \/ 06:00 am (ACI).- O Santu\u00e1rio de F\u00e1tima, em Portugal, est\u00e1 preparado para acolher \u201cem seguran\u00e7a\u201d o Papa Francisco e cerca de um milh\u00e3o de pessoas nos dias 12 e 13 de maio, por ocasi\u00e3o da comemora\u00e7\u00e3o do centen\u00e1rio das apari\u00e7\u00f5es, conforme precisou o reitor Padre Carlos Cabecinhas. Em uma coletiva [&hellip;]<\/p>\n","protected":false},"author":1,"featured_media":29416,"comment_status":"open","ping_status":"open","sticky":false,"template":"","format":"standard","meta":{"footnotes":""},"categories":[4],"tags":[],"class_list":["post-29417","post","type-post","status-publish","format-standard","has-post-thumbnail","hentry","category-cotidiano"],"_links":{"self":[{"href":"https:\/\/catolicanet.net\/wp-cnet\/wp-json\/wp\/v2\/posts\/29417","targetHints":{"allow":["GET"]}}],"collection":[{"href":"https:\/\/catolicanet.net\/wp-cnet\/wp-json\/wp\/v2\/posts"}],"about":[{"href":"https:\/\/catolicanet.net\/wp-cnet\/wp-json\/wp\/v2\/types\/post"}],"author":[{"embeddable":true,"href":"https:\/\/catolicanet.net\/wp-cnet\/wp-json\/wp\/v2\/users\/1"}],"replies":[{"embeddable":true,"href":"https:\/\/catolicanet.net\/wp-cnet\/wp-json\/wp\/v2\/comments?post=29417"}],"version-history":[{"count":1,"href":"https:\/\/catolicanet.net\/wp-cnet\/wp-json\/wp\/v2\/posts\/29417\/revisions"}],"predecessor-version":[{"id":31062,"href":"https:\/\/catolicanet.net\/wp-cnet\/wp-json\/wp\/v2\/posts\/29417\/revisions\/31062"}],"wp:featuredmedia":[{"embeddable":true,"href":"https:\/\/catolicanet.net\/wp-cnet\/wp-json\/wp\/v2\/media\/29416"}],"wp:attachment":[{"href":"https:\/\/catolicanet.net\/wp-cnet\/wp-json\/wp\/v2\/media?parent=29417"}],"wp:term":[{"taxonomy":"category","embeddable":true,"href":"https:\/\/catolicanet.net\/wp-cnet\/wp-json\/wp\/v2\/categories?post=29417"},{"taxonomy":"post_tag","embeddable":true,"href":"https:\/\/catolicanet.net\/wp-cnet\/wp-json\/wp\/v2\/tags?post=29417"}],"curies":[{"name":"wp","href":"https:\/\/api.w.org\/{rel}","templated":true}]}}