{"id":29409,"date":"2017-04-10T13:37:58","date_gmt":"2017-04-10T16:37:58","guid":{"rendered":"http:\/\/catolicanet.net\/wp-cnet\/2017\/04\/10\/papa-francisco-atencao-ao-uso-distorcido-das-biotecnologias\/"},"modified":"2017-06-09T13:31:46","modified_gmt":"2017-06-09T16:31:46","slug":"papa-francisco-atencao-ao-uso-distorcido-das-biotecnologias","status":"publish","type":"post","link":"https:\/\/catolicanet.net\/wp-cnet\/papa-francisco-atencao-ao-uso-distorcido-das-biotecnologias\/","title":{"rendered":"Papa Francisco: aten\u00e7\u00e3o ao uso distorcido das biotecnologias"},"content":{"rendered":"<p style=\"text-align: justify;\"><img decoding=\"async\" src=\"http:\/\/www.catolicanet.com.br\/images\/stories\/noticias2017\/1928892_articolo.jpg\" border=\"0\" align=\"left\" \/>Cidade do Vaticano (RV) &#8211; O Papa Francisco recebeu em audi\u00eancia, nesta segunda-feira (10\/04), na Sala dos Papas, no Vaticano, trinta membros da Comiss\u00e3o Nacional de Biosseguran\u00e7a, Biotecnologia e Ci\u00eancias da Vida. <\/p>\n<p>O Pont\u00edfice agradeceu a comiss\u00e3o italiana pelo trabalho desempenhado na Presid\u00eancia do Conselho de Ministros nos vinte e cinco anos de sua cria\u00e7\u00e3o. \u201cOs temas e quest\u00f5es que essa comiss\u00e3o aborda s\u00e3o importantes para o homem atual, seja como indiv\u00edduo seja na dimens\u00e3o relacional e social, come\u00e7ando da fam\u00edlia at\u00e9 as comunidades local, nacional e internacional, e o cuidado da cria\u00e7\u00e3o\u201d, disse Francisco. <\/p>\n<p>\u201cJav\u00e9 Deus tomou o homem e o colocou no jardim de \u00c9den, para que o cultivasse e guardasse\u201d, diz o Livro do G\u00eanesis (2, 15). O Papa citou o livro b\u00edblico para ressaltar que a cultura \u00e0 qual os membros da comiss\u00e3o \u201cs\u00e3o representantes cr\u00edveis no campo das ci\u00eancias e tecnologias da vida, traz consigo a ideia de cultiva\u00e7\u00e3o\u201d. <\/p>\n<p>\u201cEla expressa bem a tens\u00e3o para fazer crescer, florir e frutificar, atrav\u00e9s do engenho humano, o que Deus colocou no mundo. N\u00e3o podemos nos esquecer que o texto b\u00edblico nos convida tamb\u00e9m a custodiar o jardim do mundo\u201d, destacou.\u00a0 <\/p>\n<p>\u201cConforme escrevi na Enc\u00edclica \u2018Laudato si\u2019, enquanto cultivar significa arar ou trabalhar um terreno, custodiar significa proteger, cuidar, preservar, conservar e vigiar. Isso requer uma rela\u00e7\u00e3o de reciprocidade respons\u00e1vel entre ser humano e natureza. A tarefa dessa comiss\u00e3o n\u00e3o \u00e9 somente a de promover o desenvolvimento harmonioso e integral da pesquisa cient\u00edfica e tecnol\u00f3gica relativa aos processos biol\u00f3gicos da vida vegetal, animal e humana; ela tem tamb\u00e9m a tarefa de prever e prevenir as consequ\u00eancias negativas que o uso distorcido dos conhecimentos e capacidades de manipula\u00e7\u00e3o da vida pode provocar.\u201d<\/p>\n<p>\u201cO princ\u00edpio de responsabilidade \u00e9 um pilar imprescind\u00edvel da a\u00e7\u00e3o humana que deve responder os pr\u00f3prios atos e omiss\u00f5es perante a si, aos outros e a Deus. Corre-se o risco de que os cidad\u00e3os, seus representantes e governantes n\u00e3o sintam plenamente a seriedade dos desafios que se apresentam, a complexidade dos problemas a serem resolvidos, e o perigo de usar mal a pot\u00eancia que as ci\u00eancias e as tecnologias da vida colocam em nossas m\u00e3os.\u201d <\/p>\n<p>\u201cQuando a intera\u00e7\u00e3o entre poder tecnol\u00f3gico e poder econ\u00f4mico se torna mais estreita, os interesses podem condicionar os estilos de vida e as tend\u00eancias sociais na dire\u00e7\u00e3o do lucro de certos grupos industriais e comerciais, em detrimento das popula\u00e7\u00f5es e na\u00e7\u00f5es mais pobres. N\u00e3o \u00e9 f\u00e1cil alcan\u00e7ar uma composi\u00e7\u00e3o harmoniosa das diferentes inst\u00e2ncias cient\u00edficas, produtivas, \u00e9ticas, sociais, econ\u00f4micas e pol\u00edticas, promovendo o desenvolvimento sustent\u00e1vel que respeite a \u2018casa comum\u2019. Esta composi\u00e7\u00e3o harmoniosa requer humildade, coragem e abertura ao confronto entre as diferentes posi\u00e7\u00f5es, na certeza de que o testemunho dado pelos homens de ci\u00eancia em prol da verdade e do bem comum, contribui para o amadurecimento da consci\u00eancia social.\u201d<\/p>\n<p>O Papa finalizou o seu discurso, recordando que \u201cas ci\u00eancias e as tecnologias s\u00e3o feitas para o homem e n\u00e3o o homem e o mundo para as ci\u00eancias e as tecnologias. Elas est\u00e3o a servi\u00e7o de uma vida digna e saud\u00e1vel para todos, no presente e no futuro, e tornam a nossa casa comum mais habit\u00e1vel e solid\u00e1ria, mais cuidada e protegida\u201d.<\/p>\n<p style=\"text-align: justify;\">\u00a0<\/p>\n<p style=\"text-align: justify;\">Fonte: R\u00e1dio Vaticano<\/p>\n","protected":false},"excerpt":{"rendered":"<p>Cidade do Vaticano (RV) &#8211; O Papa Francisco recebeu em audi\u00eancia, nesta segunda-feira (10\/04), na Sala dos Papas, no Vaticano, trinta membros da Comiss\u00e3o Nacional de Biosseguran\u00e7a, Biotecnologia e Ci\u00eancias da Vida. O Pont\u00edfice agradeceu a comiss\u00e3o italiana pelo trabalho desempenhado na Presid\u00eancia do Conselho de Ministros nos vinte e cinco anos de sua cria\u00e7\u00e3o. [&hellip;]<\/p>\n","protected":false},"author":1,"featured_media":29408,"comment_status":"open","ping_status":"open","sticky":false,"template":"","format":"standard","meta":{"footnotes":""},"categories":[3],"tags":[],"class_list":["post-29409","post","type-post","status-publish","format-standard","has-post-thumbnail","hentry","category-vaticano"],"_links":{"self":[{"href":"https:\/\/catolicanet.net\/wp-cnet\/wp-json\/wp\/v2\/posts\/29409","targetHints":{"allow":["GET"]}}],"collection":[{"href":"https:\/\/catolicanet.net\/wp-cnet\/wp-json\/wp\/v2\/posts"}],"about":[{"href":"https:\/\/catolicanet.net\/wp-cnet\/wp-json\/wp\/v2\/types\/post"}],"author":[{"embeddable":true,"href":"https:\/\/catolicanet.net\/wp-cnet\/wp-json\/wp\/v2\/users\/1"}],"replies":[{"embeddable":true,"href":"https:\/\/catolicanet.net\/wp-cnet\/wp-json\/wp\/v2\/comments?post=29409"}],"version-history":[{"count":1,"href":"https:\/\/catolicanet.net\/wp-cnet\/wp-json\/wp\/v2\/posts\/29409\/revisions"}],"predecessor-version":[{"id":31066,"href":"https:\/\/catolicanet.net\/wp-cnet\/wp-json\/wp\/v2\/posts\/29409\/revisions\/31066"}],"wp:featuredmedia":[{"embeddable":true,"href":"https:\/\/catolicanet.net\/wp-cnet\/wp-json\/wp\/v2\/media\/29408"}],"wp:attachment":[{"href":"https:\/\/catolicanet.net\/wp-cnet\/wp-json\/wp\/v2\/media?parent=29409"}],"wp:term":[{"taxonomy":"category","embeddable":true,"href":"https:\/\/catolicanet.net\/wp-cnet\/wp-json\/wp\/v2\/categories?post=29409"},{"taxonomy":"post_tag","embeddable":true,"href":"https:\/\/catolicanet.net\/wp-cnet\/wp-json\/wp\/v2\/tags?post=29409"}],"curies":[{"name":"wp","href":"https:\/\/api.w.org\/{rel}","templated":true}]}}