{"id":29405,"date":"2017-04-10T13:04:48","date_gmt":"2017-04-10T16:04:48","guid":{"rendered":"http:\/\/catolicanet.net\/wp-cnet\/2017\/04\/10\/domingo-de-ramos-papa-jesus-esta-presente-nos-que-padecem-tribulacoes-como-ele\/"},"modified":"2017-06-09T13:33:19","modified_gmt":"2017-06-09T16:33:19","slug":"domingo-de-ramos-papa-jesus-esta-presente-nos-que-padecem-tribulacoes-como-ele","status":"publish","type":"post","link":"https:\/\/catolicanet.net\/wp-cnet\/domingo-de-ramos-papa-jesus-esta-presente-nos-que-padecem-tribulacoes-como-ele\/","title":{"rendered":"Domingo de Ramos: Papa, Jesus est\u00e1 presente nos que padecem tribula\u00e7\u00f5es como Ele"},"content":{"rendered":"<p style=\"text-align: justify;\"><img decoding=\"async\" src=\"http:\/\/www.catolicanet.com.br\/images\/stories\/reuters2077742_articolo.jpg\" border=\"0\" align=\"left\" \/>Cidade do Vaticano (RV) &#8211; Inicia-se neste Domingo de Ramos (09\/04) a Semana Santa.<\/p>\n<p>O Papa Francisco presidiu a missa deste domingo, na Pra\u00e7a S\u00e3o Pedro, que contou com a participa\u00e7\u00e3o de v\u00e1rios fi\u00e9is e peregrinos, cerca de quarenta mil pessoas.<\/p>\n<p style=\"text-align: justify;\">\u00a0<\/p>\n<p style=\"text-align: justify;\"><a href=\"http:\/\/media02.radiovaticana.va\/audio\/audio2\/mp3\/00577119.mp3\">Clique aqui pra ouvir:<\/a><\/p>\n<p style=\"text-align: justify;\">\u00a0<\/p>\n<p style=\"text-align: justify;\">\u201cEsta celebra\u00e7\u00e3o tem, por assim dizer, duplo sabor: doce e amargo. \u00c9 jubilosa e dolorosa, pois nela celebramos o Senhor que entra em Jerusal\u00e9m, aclamado pelos seus disc\u00edpulos como rei; ao mesmo tempo, por\u00e9m, proclama-se solenemente a narra\u00e7\u00e3o evang\u00e9lica de sua Paix\u00e3o. Por isso, o nosso cora\u00e7\u00e3o experimenta o contraste pungente e prova, embora numa medida m\u00ednima, aquilo que deve ter sentido Jesus em seu cora\u00e7\u00e3o naquele dia, quando rejubilou com os seus amigos e chorou sobre Jerusal\u00e9m\u201d, disse o Pont\u00edfice.<\/p>\n<p style=\"text-align: justify;\">\u00a0<\/p>\n<p style=\"text-align: justify;\"><a href=\"https:\/\/www.youtube.com\/watch?time_continue=1&#038;v=EF8Bt7kBLCE\">Clique aqui para assistir o v\u00eddeo:<\/a><\/p>\n<p style=\"text-align: justify;\">\u00a0<\/p>\n<p style=\"text-align: justify;\">\u201cH\u00e1 trinta e dois anos a dimens\u00e3o jubilosa deste domingo tem sido enriquecida com a festa dos jovens: a Jornada Mundial da Juventude, que, este ano, se celebra no \u00e2mbito diocesano, mas daqui a pouco viver\u00e1, nesta Pra\u00e7a, um momento sempre emocionante, de horizontes abertos, com a passagem da Cruz dos jovens de Crac\u00f3via para os do Panam\u00e1.\u201d<\/p>\n<p>\u201cO Evangelho, proclamado antes da prociss\u00e3o, apresenta Jesus que desce do Monte das Oliveiras montado num jumentinho, sobre o qual ainda ningu\u00e9m se sentara; evidencia o entusiasmo dos disc\u00edpulos, que acompanham o Mestre com aclama\u00e7\u00f5es festivas; e pode-se, provavelmente, imaginar que isso contagiou os adolescentes e os jovens da cidade, que se juntaram ao cortejo com os seus gritos. O pr\u00f3prio Jesus reconhece neste jubiloso acolhimento uma for\u00e7a irreprim\u00edvel querida por Deus, respondendo assim aos fariseus escandalizados: \u00abEu vos digo, se eles se calarem, as pedras gritar\u00e3o\u00bb.\u201d<\/p>\n<p>\u201cMas este Jesus, cuja entrada na Cidade Santa estava prevista precisamente assim nas Escrituras, n\u00e3o \u00e9 um iludido que apregoa ilus\u00f5es, um profeta \u00abnew age\u00bb, um vendedor de fuma\u00e7a. Longe disso! \u00c9 um Messias bem definido, com a fisionomia concreta do servo, o servo de Deus e do homem que caminha para a paix\u00e3o; \u00e9 o grande Padecente da dor humana\u201d, frisou o Papa.<\/p>\n<p>\u201cAssim, enquanto festejamos o nosso Rei, pensemos nos sofrimentos que Ele dever\u00e1 padecer nesta Semana. Pensemos nas cal\u00fanias, nos ultrajes, nas ciladas, nas trai\u00e7\u00f5es, no abandono, no julgamento in\u00edquo, nas pancadas, na flagela\u00e7\u00e3o, na coroa de espinhos&#8230; e, por fim, no caminho da cruz at\u00e9 \u00e0 crucifica\u00e7\u00e3o.\u201d<\/p>\n<p>\u201cEle tinha dito claramente aos seus disc\u00edpulos: \u00abSe algu\u00e9m quer vir comigo, renuncie a si mesmo, tome a sua cruz e me siga\u00bb. Nunca prometeu honras nem sucessos. Os Evangelhos s\u00e3o claros. Sempre avisou os seus amigos de que a sua estrada era aquela: a vit\u00f3ria final passaria atrav\u00e9s da paix\u00e3o e da cruz. E, para n\u00f3s, vale o mesmo. Para seguir fielmente a Jesus, pe\u00e7amos a gra\u00e7a de o fazer n\u00e3o por palavras mas com as obras, e ter a paci\u00eancia de suportar a nossa cruz: n\u00e3o a recusar nem jogar fora, mas, com os olhos fixos n\u2019Ele, aceit\u00e1-la e carreg\u00e1-la a cada dia.\u201d<\/p>\n<p>\u201cEste Jesus, que aceita ser aclamado, mesmo sabendo que O espera o \u00abcrucifica-o!\u00bb, n\u00e3o nos pede para O contemplarmos apenas nos quadros, nas fotografias, ou nos v\u00eddeos que circulam na rede. N\u00e3o. Est\u00e1 presente em muitos dos nossos irm\u00e3os e irm\u00e3s que hoje, sim hoje, padecem tribula\u00e7\u00f5es como Ele: sofrem com o trabalho de escravos, sofrem com os dramas familiares, as doen\u00e7as&#8230; Sofrem por causa das guerras e do terrorismo, por causa dos interesses que se movem por tr\u00e1s das armas que n\u00e3o cessam de matar. Homens e mulheres enganados, violados na sua dignidade, descartados&#8230;. Jesus est\u00e1 neles, em cada um deles, e com aquele rosto desfigurado, com aquela voz rouca, pede para ser enxergado, reconhecido, amado.\u201d<\/p>\n<p>\u201cN\u00e3o h\u00e1 outro Jesus: \u00e9 o mesmo que entrou em Jerusal\u00e9m por entre o acenar de ramos de palmeira e oliveira. \u00c9 o mesmo que foi pregado na cruz e morreu entre dois ladr\u00f5es. N\u00e3o temos outro Senhor para al\u00e9m d\u2019Ele: Jesus, humilde Rei de justi\u00e7a, miseric\u00f3rdia e paz.\u201d<\/p>\n<p style=\"text-align: justify;\">\u00a0<\/p>\n<p style=\"text-align: justify;\"><a href=\"https:\/\/www.youtube.com\/watch?time_continue=1&#038;v=EF8Bt7kBLCE\">Clique aqui para assistir o v\u00eddeo:<\/a><\/p>\n<p style=\"text-align: justify;\">\u00a0<\/p>\n<p style=\"text-align: justify;\">Fonte: R\u00e1dio Vaticano<\/p>\n","protected":false},"excerpt":{"rendered":"<p>Cidade do Vaticano (RV) &#8211; Inicia-se neste Domingo de Ramos (09\/04) a Semana Santa. O Papa Francisco presidiu a missa deste domingo, na Pra\u00e7a S\u00e3o Pedro, que contou com a participa\u00e7\u00e3o de v\u00e1rios fi\u00e9is e peregrinos, cerca de quarenta mil pessoas. \u00a0 Clique aqui pra ouvir: \u00a0 \u201cEsta celebra\u00e7\u00e3o tem, por assim dizer, duplo sabor: [&hellip;]<\/p>\n","protected":false},"author":1,"featured_media":29404,"comment_status":"open","ping_status":"open","sticky":false,"template":"","format":"standard","meta":{"footnotes":""},"categories":[3],"tags":[],"class_list":["post-29405","post","type-post","status-publish","format-standard","has-post-thumbnail","hentry","category-vaticano"],"_links":{"self":[{"href":"https:\/\/catolicanet.net\/wp-cnet\/wp-json\/wp\/v2\/posts\/29405","targetHints":{"allow":["GET"]}}],"collection":[{"href":"https:\/\/catolicanet.net\/wp-cnet\/wp-json\/wp\/v2\/posts"}],"about":[{"href":"https:\/\/catolicanet.net\/wp-cnet\/wp-json\/wp\/v2\/types\/post"}],"author":[{"embeddable":true,"href":"https:\/\/catolicanet.net\/wp-cnet\/wp-json\/wp\/v2\/users\/1"}],"replies":[{"embeddable":true,"href":"https:\/\/catolicanet.net\/wp-cnet\/wp-json\/wp\/v2\/comments?post=29405"}],"version-history":[{"count":1,"href":"https:\/\/catolicanet.net\/wp-cnet\/wp-json\/wp\/v2\/posts\/29405\/revisions"}],"predecessor-version":[{"id":31068,"href":"https:\/\/catolicanet.net\/wp-cnet\/wp-json\/wp\/v2\/posts\/29405\/revisions\/31068"}],"wp:featuredmedia":[{"embeddable":true,"href":"https:\/\/catolicanet.net\/wp-cnet\/wp-json\/wp\/v2\/media\/29404"}],"wp:attachment":[{"href":"https:\/\/catolicanet.net\/wp-cnet\/wp-json\/wp\/v2\/media?parent=29405"}],"wp:term":[{"taxonomy":"category","embeddable":true,"href":"https:\/\/catolicanet.net\/wp-cnet\/wp-json\/wp\/v2\/categories?post=29405"},{"taxonomy":"post_tag","embeddable":true,"href":"https:\/\/catolicanet.net\/wp-cnet\/wp-json\/wp\/v2\/tags?post=29405"}],"curies":[{"name":"wp","href":"https:\/\/api.w.org\/{rel}","templated":true}]}}