{"id":29400,"date":"2017-04-10T12:34:18","date_gmt":"2017-04-10T15:34:18","guid":{"rendered":"http:\/\/catolicanet.net\/wp-cnet\/2017\/04\/10\/semana-santa-5\/"},"modified":"2017-06-09T13:36:39","modified_gmt":"2017-06-09T16:36:39","slug":"semana-santa-5","status":"publish","type":"post","link":"https:\/\/catolicanet.net\/wp-cnet\/semana-santa-5\/","title":{"rendered":"Semana Santa"},"content":{"rendered":"<p style=\"text-align: justify;\">Todos as semanas na vida do crist\u00e3o s\u00e3o santas. Uma, por\u00e9m, por antonom\u00e1sia se chama santa porque nela se comemoram os mist\u00e9rios da Paix\u00e3o, Morte e Ressurrei\u00e7\u00e3o de Jesus Cristo. Este ano, de 5 a 12 de abril, estar\u00e3o os cat\u00f3licos refletindo sobre a entrada solene de Jesus em Jerusal\u00e9m, no Domingo de Ramos: \u201cBendito o que vem, o rei, em nome do Senhor\u201d!(Lc 19,38); a Institui\u00e7\u00e3o da Eucaristia: \u201cSenhor, dai-nos sempre deste p\u00e3o\u201d ( Jo 6,3) e do Sacerd\u00f3cio na quinta-feira; a Crucifix\u00e3o e Morte de Cristo na sexta-feira santa \u201cPai, em tuas m\u00e3os entrego o meu esp\u00edrito\u201d (Lc 23,4, para, depois se entregarem em Santa Vig\u00edlia,no s\u00e1bado, \u00e0 espera do maior dia do ano, o dia da P\u00e1scoa do Senhor. \u201c Eu sou a ressurrei\u00e7\u00e3o e a vida\u201d ( Jo 11,15). Universo todo perpassam, ent\u00e3o,\u00a0 no dia da P\u00e1scoa, ondas luminosas de irreprim\u00edvel e intenso j\u00fabilo. Os clarins altaneiros da cristandade em festa sa\u00fadam e aclamam uma vit\u00f3ria famosa, projetando seus maviosos e candentes sons a anunciarem, altissonante e solenemente, o magno triunfo que, sendo do Redentor, \u00e9 de todos os crist\u00e3os. Este \u00e9 o dia do g\u00e1udio universal, princ\u00edpio venturoso de nossas f\u00falgidas alegrias, t\u00e9rmino ditoso de nossos amargos prantos, origem feliz de nossas imperec\u00edveis gl\u00f3rias, final afortunado de nossos dolorosos opr\u00f3brios. Nele os cora\u00e7\u00f5es em regozijo, por entre incontida euforia, modulam entusiasticamente o hino triunfal e glorioso, envolto no contentamento mais esfuziante. Com efeito, o orbe cat\u00f3lico de um mar a outro mar, do alto das cordilheiras ao mais profundo vale, dos alcantilados montes, como das risonhas colinas \u00e0s alfombradas plan\u00edcies, se une aos coros celestiais dos anjos para comemorar, ruidosa e intensamente, esta data gloriosa. Nela, a figura atraente e majestosa do grande Triunfador eletriza e enleva a humanidade, a qual prorrompe, natural e espontaneamente, nas mais apote\u00f3ticas aclama\u00e7\u00f5es, nas mais ternas loas, nos mais f\u00e9rvidos hosanas, nos mais vibrantes louvores, ao Rei Imortal dos s\u00e9culos. Renova, ent\u00e3o, com misterioso af\u00e3, a secular sauda\u00e7\u00e3o que encerra e exprime a mais evidente, grandiosa e palp\u00e1vel realidade hist\u00f3rica: \u201cCristo vive, Cristo reina, Cristo impera\u201d<\/p>\n","protected":false},"excerpt":{"rendered":"<p>Todos as semanas na vida do crist\u00e3o s\u00e3o santas. Uma, por\u00e9m, por antonom\u00e1sia se chama santa porque nela se comemoram os mist\u00e9rios da Paix\u00e3o, Morte e Ressurrei\u00e7\u00e3o de Jesus Cristo. Este ano, de 5 a 12 de abril, estar\u00e3o os cat\u00f3licos refletindo sobre a entrada solene de Jesus em Jerusal\u00e9m, no Domingo de Ramos: \u201cBendito [&hellip;]<\/p>\n","protected":false},"author":7,"featured_media":0,"comment_status":"open","ping_status":"open","sticky":false,"template":"","format":"standard","meta":{"footnotes":""},"categories":[9],"tags":[],"class_list":["post-29400","post","type-post","status-publish","format-standard","hentry","category-artigos"],"_links":{"self":[{"href":"https:\/\/catolicanet.net\/wp-cnet\/wp-json\/wp\/v2\/posts\/29400","targetHints":{"allow":["GET"]}}],"collection":[{"href":"https:\/\/catolicanet.net\/wp-cnet\/wp-json\/wp\/v2\/posts"}],"about":[{"href":"https:\/\/catolicanet.net\/wp-cnet\/wp-json\/wp\/v2\/types\/post"}],"author":[{"embeddable":true,"href":"https:\/\/catolicanet.net\/wp-cnet\/wp-json\/wp\/v2\/users\/7"}],"replies":[{"embeddable":true,"href":"https:\/\/catolicanet.net\/wp-cnet\/wp-json\/wp\/v2\/comments?post=29400"}],"version-history":[{"count":1,"href":"https:\/\/catolicanet.net\/wp-cnet\/wp-json\/wp\/v2\/posts\/29400\/revisions"}],"predecessor-version":[{"id":31071,"href":"https:\/\/catolicanet.net\/wp-cnet\/wp-json\/wp\/v2\/posts\/29400\/revisions\/31071"}],"wp:attachment":[{"href":"https:\/\/catolicanet.net\/wp-cnet\/wp-json\/wp\/v2\/media?parent=29400"}],"wp:term":[{"taxonomy":"category","embeddable":true,"href":"https:\/\/catolicanet.net\/wp-cnet\/wp-json\/wp\/v2\/categories?post=29400"},{"taxonomy":"post_tag","embeddable":true,"href":"https:\/\/catolicanet.net\/wp-cnet\/wp-json\/wp\/v2\/tags?post=29400"}],"curies":[{"name":"wp","href":"https:\/\/api.w.org\/{rel}","templated":true}]}}