{"id":29399,"date":"2017-04-10T12:32:49","date_gmt":"2017-04-10T15:32:49","guid":{"rendered":"http:\/\/catolicanet.net\/wp-cnet\/2017\/04\/10\/nossa-carne-e-fraca\/"},"modified":"2017-06-09T13:37:49","modified_gmt":"2017-06-09T16:37:49","slug":"nossa-carne-e-fraca","status":"publish","type":"post","link":"https:\/\/catolicanet.net\/wp-cnet\/nossa-carne-e-fraca\/","title":{"rendered":"Nossa carne \u00e9 fraca"},"content":{"rendered":"<p style=\"text-align: justify;\">Mais que simples denomina\u00e7\u00e3o de uma opera\u00e7\u00e3o sanit\u00e1ria, o t\u00edtulo acima \u00e9 a constata\u00e7\u00e3o de nossa triste realidade: a carne que ocupamos um dia ir\u00e1 desaparecer&#8230; Para esta dispensa-se qualquer controle de qualidade ou selo de garantia. Nem proced\u00eancia, nem refer\u00eancia de cria\u00e7\u00e3o, nem carteira completa de vacina\u00e7\u00e3o, nada ir\u00e1 preservar ou garantir nossa ilibada reputa\u00e7\u00e3o biol\u00f3gica ou gen\u00e9tica racial. Nada! Somos p\u00f3, nada mais!<\/p>\n<p style=\"text-align: justify;\"> Diante de descri\u00e7\u00e3o t\u00e3o m\u00f3rbida e derrotista muitos ir\u00e3o parar a leitura por aqui. Afinal j\u00e1 disse tudo: a vida \u00e9 uma ilus\u00e3o passageira e ponto final. Ser\u00e1? Ent\u00e3o o desafio a continuar.<\/p>\n<p style=\"text-align: justify;\"> Nosso esp\u00edrito \u00e9 forte. Possui o DNA da Eternidade, a gen\u00e9tica do divino. N\u00e3o \u00e0 toa, no limiar da pr\u00f3pria morte, o Nazareno o devolveu ao Criador: \u201cPai, em tuas m\u00e3os entrego o meu Esp\u00edrito\u201d! Ao contr\u00e1rio da pr\u00f3pria carne, que entregou a n\u00f3s, escravos e prisioneiros terrenos, um igual na sua vida terrena, mas um carente na compreens\u00e3o do outro lado dessa realidade humana. Um corpo, um esp\u00edrito! Jesus, em seu momento crucial, bem separou essa realidade terrena e transcendental de que estamos revestidos, o \u201cLugar da Caveira\u201d onde plantaram sua cruz sacrifical, da porta de transposi\u00e7\u00e3o terrena, onde \u201cTudo est\u00e1 realizado\u201d, em sua plenitude espiritual. Essa seria a grande motiva\u00e7\u00e3o da submiss\u00e3o de Cristo diante de sua cruz: levar-nos \u00e0 compreens\u00e3o da nossa pr\u00f3pria imortalidade.<\/p>\n<p style=\"text-align: justify;\"> A morte de Jesus foi a maior li\u00e7\u00e3o de vida que n\u00f3s humanos pud\u00e9ssemos receber de seus ensinamentos. Aceitou seu holocausto, ser abatido como ovelha no altar, como v\u00edtima de obla\u00e7\u00e3o e oferenda sagrada, apenas e t\u00e3o somente para abrir os horizontes humanos para o outro lado da nossa pr\u00f3pria realidade. A carne talvez seja realmente fraca, mas o esp\u00edrito que esta abriga \u00e9 grandioso o suficiente para vencer qualquer limite, at\u00e9 a morte. \u201cSabemos muito bem que o nosso homem velho foi crucificado com Cristo, para que o corpo do pecado fosse destru\u00eddo e assim n\u00e3o sejamos mais escravos do pecado\u201d (Rom 6, 6). Querem melhores raz\u00f5es do que estas? N\u00e3o seria a consci\u00eancia de nossos limites o freio necess\u00e1rio para n\u00e3o nos arvorarmos em donos da verdade e senhores absolutos duma hist\u00f3ria de vida que se esvai ilusoriamente? Sem maiores esperan\u00e7as, a vida humana cairia no vazio da inutilidade, da decep\u00e7\u00e3o e nenhum esfor\u00e7o humano para ampliar sua vida, realizar seus sonhos, construir melhorias, alcan\u00e7ar sucesso, nada disso teria sentido. Assim pensando, \u00e0s favas nossas normas, leis, etiquetas, conveni\u00eancias sociais, aprimoramento cultural, estudo, fam\u00edlia, tudo, tudo que nos imp\u00f5e limites. Abaixo padr\u00f5es de comportamento, abaixo Deus com seus anjos e dem\u00f4nios, padres e santos! Assim pensando, ir\u00edamos todos para o abatedouro da esperan\u00e7a, o frigor\u00edfico da insensatez!<\/p>\n<p style=\"text-align: justify;\"> Mas, oh gl\u00f3ria! Cristo morreu para nos ensinar a viver. E tamb\u00e9m morrer com Ele&#8230; \u201cDe fato, quem est\u00e1 morto, est\u00e1 livre do pecado. Mas, se estamos mortos com Cristo, acreditamos que tamb\u00e9m viveremos com ele, pois sabemos que Cristo, ressuscitado dos mortos, n\u00e3o morre mais; a morte j\u00e1 n\u00e3o tem poder sobre ele\u201d (Rom 6, 7-9). Sua carne ser\u00e1 realmente verdadeira comida e seu sangue verdadeira comida. \u201cPois quem come minha carne e bebe meu sangue, ter\u00e1 a vida eterna\u201d! Querem alimento mais precioso?<\/p>\n","protected":false},"excerpt":{"rendered":"<p>Mais que simples denomina\u00e7\u00e3o de uma opera\u00e7\u00e3o sanit\u00e1ria, o t\u00edtulo acima \u00e9 a constata\u00e7\u00e3o de nossa triste realidade: a carne que ocupamos um dia ir\u00e1 desaparecer&#8230; Para esta dispensa-se qualquer controle de qualidade ou selo de garantia. Nem proced\u00eancia, nem refer\u00eancia de cria\u00e7\u00e3o, nem carteira completa de vacina\u00e7\u00e3o, nada ir\u00e1 preservar ou garantir nossa ilibada [&hellip;]<\/p>\n","protected":false},"author":17,"featured_media":0,"comment_status":"open","ping_status":"open","sticky":false,"template":"","format":"standard","meta":{"footnotes":""},"categories":[9],"tags":[],"class_list":["post-29399","post","type-post","status-publish","format-standard","hentry","category-artigos"],"_links":{"self":[{"href":"https:\/\/catolicanet.net\/wp-cnet\/wp-json\/wp\/v2\/posts\/29399","targetHints":{"allow":["GET"]}}],"collection":[{"href":"https:\/\/catolicanet.net\/wp-cnet\/wp-json\/wp\/v2\/posts"}],"about":[{"href":"https:\/\/catolicanet.net\/wp-cnet\/wp-json\/wp\/v2\/types\/post"}],"author":[{"embeddable":true,"href":"https:\/\/catolicanet.net\/wp-cnet\/wp-json\/wp\/v2\/users\/17"}],"replies":[{"embeddable":true,"href":"https:\/\/catolicanet.net\/wp-cnet\/wp-json\/wp\/v2\/comments?post=29399"}],"version-history":[{"count":1,"href":"https:\/\/catolicanet.net\/wp-cnet\/wp-json\/wp\/v2\/posts\/29399\/revisions"}],"predecessor-version":[{"id":31072,"href":"https:\/\/catolicanet.net\/wp-cnet\/wp-json\/wp\/v2\/posts\/29399\/revisions\/31072"}],"wp:attachment":[{"href":"https:\/\/catolicanet.net\/wp-cnet\/wp-json\/wp\/v2\/media?parent=29399"}],"wp:term":[{"taxonomy":"category","embeddable":true,"href":"https:\/\/catolicanet.net\/wp-cnet\/wp-json\/wp\/v2\/categories?post=29399"},{"taxonomy":"post_tag","embeddable":true,"href":"https:\/\/catolicanet.net\/wp-cnet\/wp-json\/wp\/v2\/tags?post=29399"}],"curies":[{"name":"wp","href":"https:\/\/api.w.org\/{rel}","templated":true}]}}