{"id":29398,"date":"2017-04-10T12:30:36","date_gmt":"2017-04-10T15:30:36","guid":{"rendered":"http:\/\/catolicanet.net\/wp-cnet\/2017\/04\/10\/maria-e-a-juventude\/"},"modified":"2017-06-09T13:39:27","modified_gmt":"2017-06-09T16:39:27","slug":"maria-e-a-juventude","status":"publish","type":"post","link":"https:\/\/catolicanet.net\/wp-cnet\/maria-e-a-juventude\/","title":{"rendered":"Maria e a juventude"},"content":{"rendered":"<p style=\"text-align: justify;\">Quinta catequese quaresmal<\/p>\n<p> Continuando as catequeses quaresmais com \u00eanfase para a nossa miss\u00e3o com a juventude, vamos aprofundar agora a quest\u00e3o do Ano Mariano e suas consequ\u00eancias. O \u201csim\u201d de Maria na Anuncia\u00e7\u00e3o foi dito na solid\u00e3o, mas lan\u00e7a-a numa aventura comunit\u00e1ria. Deus tomou a iniciativa na Anuncia\u00e7\u00e3o, mas o movimento da Encarna\u00e7\u00e3o \u00e9 dirigido a todos. \u00c9 o movimento em que a Palavra se faz carne no nosso mundo e na nossa hist\u00f3ria. Em Maria, o Filho caminha para sua \u201chora\u201d, a hora em que a Palavra deve se tornar Eucaristia e Igreja para toda a humanidade.<\/p>\n<p style=\"text-align: justify;\"> Na Visita\u00e7\u00e3o, vemos Maria consciente da dimens\u00e3o de tudo o que aconteceu. Ela visita sua parenta Isabel colocando-se a servi\u00e7o, mas no curso da visita surge a oportunidade das duas primas reconhecerem a gra\u00e7a recebida por ambas, repartindo tamb\u00e9m a alegria. Esse \u00e9 o momento para Maria contar a sua experi\u00eancia sobre tudo o que Deus fez em sua vida.<\/p>\n<p style=\"text-align: justify;\"> Com o \u201cMagnificat\u201d (Lc 1,46-55), se fala de uma \u201crevolu\u00e7\u00e3o do amor\u201d que tinha come\u00e7ado nela. O amor derramou-se sobre a terra, e a pequenez e a humildade de Maria est\u00e3o no cora\u00e7\u00e3o dessa \u201cdivina revolu\u00e7\u00e3o\u201d. Ela proclama o Senhorio de Deus: \u201cporque o Todo-Poderoso fez grandes coisas por mim\u201d.<\/p>\n<p style=\"text-align: justify;\"> Maria compreende, mais do que qualquer outra pessoa, que a gra\u00e7a \u00e9 pura gratuidade. O que est\u00e1 acontecendo n\u00e3o \u00e9 obra sua. Ela sabe tamb\u00e9m que a liberdade que lhe foi dada tem em vista essa \u201crevolu\u00e7\u00e3o\u201d que est\u00e1 eclodindo no mundo. O Magnificat fala de suas implica\u00e7\u00f5es sociais e hist\u00f3ricas; n\u00e3o h\u00e1 praticamente demarca\u00e7\u00e3o entre a sua experi\u00eancia \u00fanica e as in\u00fameras gera\u00e7\u00f5es que vir\u00e3o, pois Maria entrou em comunh\u00e3o com todas as gera\u00e7\u00f5es, tendo em vista o destino comum: sermos introduzidos na bondade misericordiosa de Deus.<\/p>\n<p style=\"text-align: justify;\"> O nascimento do Menino Jesus traz alegria. A morada do Filho, \u201cque est\u00e1 voltado para o seio do Pai\u201d (Jo 1,18), assume a forma do ser ternamente embalado nos bra\u00e7os da m\u00e3e. Mas esse nascimento significa para Maria tamb\u00e9m uma separa\u00e7\u00e3o, uma antecipa\u00e7\u00e3o daquela espada que lhe traspassar\u00e1 a alma.<\/p>\n<p style=\"text-align: justify;\"> Nos primeiros anos do crescimento de Jesus, o papel de Maria \u00e9 crucial para a sua miss\u00e3o. Dos l\u00e1bios da m\u00e3e, o menino escuta e repete o som humano do nome do Pai. Maria transmite a tradi\u00e7\u00e3o divina de seu povo, o povo de Israel.<\/p>\n<p style=\"text-align: justify;\">O empenho e a liberdade de Maria na revolu\u00e7\u00e3o de amor s\u00e3o tais que por ela Jesus aprende, em termos humanos, que os limites advindos do pecado original podem realmente ser superados e rompidos. Consegue divisar nela a nova humanidade que diz sim a Deus.<\/p>\n<p style=\"text-align: justify;\"> A atmosfera da Fam\u00edlia de Nazar\u00e9 \u00e9 tal que a torna tamb\u00e9m uma escola de educa\u00e7\u00e3o rec\u00edproca. Ela v\u00ea Jesus crescer em gra\u00e7a, especialmente porque est\u00e1 cheio do Esp\u00edrito Santo, e, como consequ\u00eancia tamb\u00e9m est\u00e1 cheio de bondade, afabilidade e qualidades morais. \u00c9 um per\u00edodo de alegria e luz para Maria, ao mesmo tempo humano e sobrenatural.<\/p>\n<p style=\"text-align: justify;\"> Constatamos na Igreja v\u00e1rios grupos que nasceram e cresceram suscitados pela devo\u00e7\u00e3o e o amor a Maria. Maria \u00e9 a M\u00e3e da Igreja e nossa M\u00e3e. Quantos jovens rezam ao longo da semana em seus grupos o Santo Ros\u00e1rio, quantos jovens possuem esta devo\u00e7\u00e3o de pr\u00e1tica di\u00e1ria! Quantos grupos e movimentos jovens que t\u00eam a devo\u00e7\u00e3o mariana (como por exemplo &#8211; a Legi\u00e3o de Maria juvenil, movimento sacerdotal mariano jovem, as Filhas de Maria, a Congrega\u00e7\u00e3o Mariana e tantos outros).<\/p>\n<p style=\"text-align: justify;\"> Jovens, tenho a certeza de que Maria leva cada um a fazer a vontade do seu Filho. Maria \u00e9 a disc\u00edpula fiel, orante e silenciosa. Que possamos aprender com Maria estas virtudes t\u00e3o necess\u00e1rias para o tempo em que vivemos.<\/p>\n","protected":false},"excerpt":{"rendered":"<p>Quinta catequese quaresmal Continuando as catequeses quaresmais com \u00eanfase para a nossa miss\u00e3o com a juventude, vamos aprofundar agora a quest\u00e3o do Ano Mariano e suas consequ\u00eancias. O \u201csim\u201d de Maria na Anuncia\u00e7\u00e3o foi dito na solid\u00e3o, mas lan\u00e7a-a numa aventura comunit\u00e1ria. Deus tomou a iniciativa na Anuncia\u00e7\u00e3o, mas o movimento da Encarna\u00e7\u00e3o \u00e9 dirigido [&hellip;]<\/p>\n","protected":false},"author":5,"featured_media":0,"comment_status":"open","ping_status":"open","sticky":false,"template":"","format":"standard","meta":{"footnotes":""},"categories":[9],"tags":[],"class_list":["post-29398","post","type-post","status-publish","format-standard","hentry","category-artigos"],"_links":{"self":[{"href":"https:\/\/catolicanet.net\/wp-cnet\/wp-json\/wp\/v2\/posts\/29398","targetHints":{"allow":["GET"]}}],"collection":[{"href":"https:\/\/catolicanet.net\/wp-cnet\/wp-json\/wp\/v2\/posts"}],"about":[{"href":"https:\/\/catolicanet.net\/wp-cnet\/wp-json\/wp\/v2\/types\/post"}],"author":[{"embeddable":true,"href":"https:\/\/catolicanet.net\/wp-cnet\/wp-json\/wp\/v2\/users\/5"}],"replies":[{"embeddable":true,"href":"https:\/\/catolicanet.net\/wp-cnet\/wp-json\/wp\/v2\/comments?post=29398"}],"version-history":[{"count":1,"href":"https:\/\/catolicanet.net\/wp-cnet\/wp-json\/wp\/v2\/posts\/29398\/revisions"}],"predecessor-version":[{"id":31073,"href":"https:\/\/catolicanet.net\/wp-cnet\/wp-json\/wp\/v2\/posts\/29398\/revisions\/31073"}],"wp:attachment":[{"href":"https:\/\/catolicanet.net\/wp-cnet\/wp-json\/wp\/v2\/media?parent=29398"}],"wp:term":[{"taxonomy":"category","embeddable":true,"href":"https:\/\/catolicanet.net\/wp-cnet\/wp-json\/wp\/v2\/categories?post=29398"},{"taxonomy":"post_tag","embeddable":true,"href":"https:\/\/catolicanet.net\/wp-cnet\/wp-json\/wp\/v2\/tags?post=29398"}],"curies":[{"name":"wp","href":"https:\/\/api.w.org\/{rel}","templated":true}]}}