{"id":29370,"date":"2017-04-07T14:08:21","date_gmt":"2017-04-07T17:08:21","guid":{"rendered":"http:\/\/catolicanet.net\/wp-cnet\/2017\/04\/07\/hoje-se-completam-4-anos-que-o-papa-francisco-tomou-posse-como-bispo-de-roma\/"},"modified":"2017-06-09T13:58:50","modified_gmt":"2017-06-09T16:58:50","slug":"hoje-se-completam-4-anos-que-o-papa-francisco-tomou-posse-como-bispo-de-roma","status":"publish","type":"post","link":"https:\/\/catolicanet.net\/wp-cnet\/hoje-se-completam-4-anos-que-o-papa-francisco-tomou-posse-como-bispo-de-roma\/","title":{"rendered":"Hoje se completam 4 anos que o Papa Francisco tomou posse como Bispo de Roma"},"content":{"rendered":"<p style=\"text-align: justify;\"><img decoding=\"async\" src=\"http:\/\/www.catolicanet.com.br\/images\/stories\/noticias2017\/catedrasan.jpg\" border=\"0\" align=\"left\" \/>VATICANO, 07 Abr. 17 \/ 09:35 am (ACI).- Em um dia como hoje, h\u00e1 quatro anos, o Papa Francisco tomou posse da C\u00e1tedra do Bispo de Roma, em uma cerim\u00f4nia realizada na Bas\u00edlica de S\u00e3o Jo\u00e3o de Latr\u00e3o, a Bas\u00edlica papal que tamb\u00e9m \u00e9 Catedral da capital italiana.<\/p>\n<p>Esta Missa foi celebrada no Segundo Domingo de P\u00e1scoa ou da Divina Miseric\u00f3rdia de 2013. Estiveram presentes o Vig\u00e1rio de Roma, Cardeal Agostino Vallini, o Vig\u00e1rio Em\u00e9rito e ex-presidente da Confer\u00eancia Episcopal Italiana, Cardeal Camillo Ruini, bispos auxiliares, sacerdotes da Diocese, di\u00e1conos, religiosos e fi\u00e9is leigos.<\/p>\n<p>Ap\u00f3s a celebra\u00e7\u00e3o, o Pont\u00edfice apareceu no balc\u00e3o das b\u00ean\u00e7\u00e3os da Bas\u00edlica e saudou os fi\u00e9is presentes no local com estas palavras:<\/p>\n<p>\u201cIrm\u00e3os e irm\u00e3s, boa tarde! Agrade\u00e7o-lhes pela sua companhia na Missa de hoje. Muito obrigado! Pe\u00e7o-lhes que rezem por mim, pois necessito. N\u00e3o se esque\u00e7am disto. Obrigado a todos voc\u00eas! E sigamos em frente todos juntos, o povo e o Bispo, todos juntos; vivendo sempre com a alegria da Ressurrei\u00e7\u00e3o de Jesus; Ele sempre est\u00e1 ao nosso lado. Que o Senhor os aben\u00e7oe\u201d.<\/p>\n<p>\u201cMuito obrigado! At\u00e9 logo!\u201d, concluiu o Pont\u00edfice.<\/p>\n<p>O Santo Padre foi eleito no dia 13 de mar\u00e7o daquele ano como Sucessor de S\u00e3o Pedro, tornando-se assim o primeiro Papa latino-americano e jesu\u00edta. Seis dias depois iniciou seu pontificado na Solenidade de S\u00e3o Jos\u00e9, na Pra\u00e7a S\u00e3o Pedro, em Roma.<\/p>\n<p style=\"text-align: justify;\">\u00a0<\/p>\n<p style=\"text-align: justify;\">Fonte: Acidigital<\/p>\n","protected":false},"excerpt":{"rendered":"<p>VATICANO, 07 Abr. 17 \/ 09:35 am (ACI).- Em um dia como hoje, h\u00e1 quatro anos, o Papa Francisco tomou posse da C\u00e1tedra do Bispo de Roma, em uma cerim\u00f4nia realizada na Bas\u00edlica de S\u00e3o Jo\u00e3o de Latr\u00e3o, a Bas\u00edlica papal que tamb\u00e9m \u00e9 Catedral da capital italiana. Esta Missa foi celebrada no Segundo Domingo [&hellip;]<\/p>\n","protected":false},"author":1,"featured_media":29369,"comment_status":"open","ping_status":"open","sticky":false,"template":"","format":"standard","meta":{"footnotes":""},"categories":[4],"tags":[],"class_list":["post-29370","post","type-post","status-publish","format-standard","has-post-thumbnail","hentry","category-cotidiano"],"_links":{"self":[{"href":"https:\/\/catolicanet.net\/wp-cnet\/wp-json\/wp\/v2\/posts\/29370","targetHints":{"allow":["GET"]}}],"collection":[{"href":"https:\/\/catolicanet.net\/wp-cnet\/wp-json\/wp\/v2\/posts"}],"about":[{"href":"https:\/\/catolicanet.net\/wp-cnet\/wp-json\/wp\/v2\/types\/post"}],"author":[{"embeddable":true,"href":"https:\/\/catolicanet.net\/wp-cnet\/wp-json\/wp\/v2\/users\/1"}],"replies":[{"embeddable":true,"href":"https:\/\/catolicanet.net\/wp-cnet\/wp-json\/wp\/v2\/comments?post=29370"}],"version-history":[{"count":1,"href":"https:\/\/catolicanet.net\/wp-cnet\/wp-json\/wp\/v2\/posts\/29370\/revisions"}],"predecessor-version":[{"id":31091,"href":"https:\/\/catolicanet.net\/wp-cnet\/wp-json\/wp\/v2\/posts\/29370\/revisions\/31091"}],"wp:featuredmedia":[{"embeddable":true,"href":"https:\/\/catolicanet.net\/wp-cnet\/wp-json\/wp\/v2\/media\/29369"}],"wp:attachment":[{"href":"https:\/\/catolicanet.net\/wp-cnet\/wp-json\/wp\/v2\/media?parent=29370"}],"wp:term":[{"taxonomy":"category","embeddable":true,"href":"https:\/\/catolicanet.net\/wp-cnet\/wp-json\/wp\/v2\/categories?post=29370"},{"taxonomy":"post_tag","embeddable":true,"href":"https:\/\/catolicanet.net\/wp-cnet\/wp-json\/wp\/v2\/tags?post=29370"}],"curies":[{"name":"wp","href":"https:\/\/api.w.org\/{rel}","templated":true}]}}