{"id":29352,"date":"2017-04-06T11:50:37","date_gmt":"2017-04-06T14:50:37","guid":{"rendered":"http:\/\/catolicanet.net\/wp-cnet\/2017\/04\/06\/papa-na-missa-do-dia-qolhar-para-jesus-e-se-encher-de-alegriaq\/"},"modified":"2017-06-09T14:15:26","modified_gmt":"2017-06-09T17:15:26","slug":"papa-na-missa-do-dia-qolhar-para-jesus-e-se-encher-de-alegriaq","status":"publish","type":"post","link":"https:\/\/catolicanet.net\/wp-cnet\/papa-na-missa-do-dia-qolhar-para-jesus-e-se-encher-de-alegriaq\/","title":{"rendered":"Papa na missa do dia: &#8220;Olhar para Jesus e se encher de alegria&#8221;"},"content":{"rendered":"<p style=\"text-align: justify;\"><img decoding=\"async\" src=\"http:\/\/www.catolicanet.com.br\/images\/stories\/papas\/1927139_articolo.jpg\" border=\"0\" align=\"left\" \/>Cidade do Vaticano (RV) &#8211; \u201cDeus \u00e9 sempre fiel \u00e0 sua alian\u00e7a: foi fiel \u00e0 promessa com Abra\u00e3o e \u00e0 salva\u00e7\u00e3o prometida em seu Filho, Jesus\u201d. Este foi o centro da homilia proferida pelo Papa na manh\u00e3 de quinta-feira (06\/04) na missa da Casa Santa Marta.<\/p>\n<p>A primeira leitura narra a alian\u00e7a que Deus fez com Abra\u00e3o, que Jesus e os fariseus chamam \u2018pai\u2019, porque foi ele que gerou \u201ceste povo, que hoje \u00e9 a Igreja\u201d. Abra\u00e3o confia, obedece quando \u00e9 enviado para outra terra, recebida em heran\u00e7a. Homem de f\u00e9 e de esperan\u00e7a, acredita quando lhe \u00e9 dito que teria um filho, aos 100 anos, \u201ccom a esposa est\u00e9ril\u201d. \u201cQuem quisesse descrever a vida de Abra\u00e3o, poderia dizer: \u2018\u00c9 um sonhador\u2019\u201d, disse o Papa. \u201cEra um sonhador da esperan\u00e7a, mas n\u00e3o era um louco\u201d, explicou:<\/p>\n<p>\u201cColocado \u00e0 prova depois de ter o filho, lhe \u00e9 pedido que o ofere\u00e7a em sacrif\u00edcio: obedeceu e foi adiante, contra qualquer esperan\u00e7a: este \u00e9 o nosso pai Abra\u00e3o, que vai avante, avante, e quando viu Jesus, ficou cheio de alegria. Sim: a alegria de ver que Deus n\u00e3o o havia enganado, que Deus \u2013 como rezamos no c\u00e2ntico \u2013 \u00e9 sempre fiel \u00e0 sua alian\u00e7a\u201d.<\/p>\n<p>O Salmo responsorial convida a lembrar as maravilhas, os seus prod\u00edgios. Para n\u00f3s, descend\u00eancia de Abra\u00e3o, \u00e9 como quando pensamos em nosso pai que j\u00e1 se foi, e nos lembramos das \u2018coisas boas do papai\u2019 e pensamos: \u2018Papai era grande!\u2019.<\/p>\n<p style=\"text-align: justify;\">\u00a0<\/p>\n<p style=\"text-align: justify;\"><a href=\"https:\/\/www.youtube.com\/watch?v=0z8ezn8gHqs\">Clique aqui para assistir o v\u00eddeo:<\/a><\/p>\n<p style=\"text-align: justify;\">\u00a0<\/p>\n<p style=\"text-align: justify;\">O pacto de Abra\u00e3o consiste em obedecer \u2018sempre\u2019, prosseguiu Francisco. Por parte de Deus, a promessa foi de faz\u00ea-lo \u2018pai de uma multid\u00e3o de na\u00e7\u00f5es\u2019. \u2018N\u00e3o te chamar\u00e1s Abr\u00e3o, mas o teu nome ser\u00e1 Abra\u00e3o\u2019, lhe diz o Senhor. E Abra\u00e3o acreditou. Depois, em outro di\u00e1logo, ainda no G\u00eanesis, Deus lhe diz que sua descend\u00eancia ser\u00e1 numerosa como as estrelas do c\u00e9u e a areia do mar. E hoje, n\u00f3s podemos dizer: \u2018Eu sou uma daquelas estrelas. Eu sou um gr\u00e3o de areia\u2019.<\/p>\n<p>Entre Abra\u00e3o e n\u00f3s, h\u00e1 a outra Hist\u00f3ria, disse o Papa, a hist\u00f3ria do Pai dos C\u00e9us e de Jesus que por isso diz aos fariseus que Abra\u00e3o exultou na esperan\u00e7a de ver \u201co meu dia\u201d. \u201cEle viu e, ficou cheio de alegria\u201d. Esta \u00e9 a grande mensagem e a Igreja hoje nos convida precisamente a nos determos e a olharmos para \u201cas nossas ra\u00edzes\u201d, \u201cnosso pai\u201d, que \u201cnos fez povo, o c\u00e9u cheio de estrelas, praias cheias de gr\u00e3os de areia\u201d:<\/p>\n<p>\u201cOlhar para a Hist\u00f3ria: eu n\u00e3o estou sozinho, eu sou um povo. Vamos juntos. A Igreja \u00e9 um povo. Mas um povo sonhado por Deus, um povo que deu um pai sobre a Terra que obedeceu, e temos um irm\u00e3o que deu sua vida por n\u00f3s, para nos tornar um povo. E assim podemos olhar para o Pai, agradecer; olhar para Jesus, agradecer; e olhar para Abra\u00e3o e para n\u00f3s, que somos parte do caminho\u201d.<\/p>\n<p>Francisco convida, ent\u00e3o, a fazer de hoje \u201cum dia de mem\u00f3ria\u201d, evidenciando que \u201cnesta grande Hist\u00f3ria, na moldura de Deus e Jesus, h\u00e1 a pequena hist\u00f3ria de cada um de n\u00f3s\u201d:<\/p>\n<p>\u201cEu convido voc\u00eas a tirarem, hoje, cinco minutos, dez minutos, sentados, sem r\u00e1dio, sem televis\u00e3o; sentados, e pensar sobre a pr\u00f3pria hist\u00f3ria: as b\u00ean\u00e7\u00e3os e dificuldades, tudo. As gra\u00e7as e os pecados: tudo. E olhar ali a fidelidade daquele Deus que permaneceu fiel \u00e0 sua alian\u00e7a, e se manteve fiel \u00e0 promessa que fizera a Abra\u00e3o, permaneceu fiel \u00e0 salva\u00e7\u00e3o que prometera em Seu Filho Jesus. Estou certo de que entre as coisas talvez ruins &#8211; porque todos n\u00f3s temos, tantas coisas ruins, na vida &#8211; se hoje fizermos isso, vamos descobrir a beleza do amor de Deus, a beleza de Sua miseric\u00f3rdia, a beleza da esperan\u00e7a. E tenho certeza que todos n\u00f3s estaremos cheios de alegria\u201d.<\/p>\n<p style=\"text-align: justify;\">\u00a0<\/p>\n<p style=\"text-align: justify;\">Fonte: R\u00e1dio Vaticano<\/p>\n","protected":false},"excerpt":{"rendered":"<p>Cidade do Vaticano (RV) &#8211; \u201cDeus \u00e9 sempre fiel \u00e0 sua alian\u00e7a: foi fiel \u00e0 promessa com Abra\u00e3o e \u00e0 salva\u00e7\u00e3o prometida em seu Filho, Jesus\u201d. Este foi o centro da homilia proferida pelo Papa na manh\u00e3 de quinta-feira (06\/04) na missa da Casa Santa Marta. A primeira leitura narra a alian\u00e7a que Deus fez [&hellip;]<\/p>\n","protected":false},"author":1,"featured_media":29351,"comment_status":"open","ping_status":"open","sticky":false,"template":"","format":"standard","meta":{"footnotes":""},"categories":[3],"tags":[],"class_list":["post-29352","post","type-post","status-publish","format-standard","has-post-thumbnail","hentry","category-vaticano"],"_links":{"self":[{"href":"https:\/\/catolicanet.net\/wp-cnet\/wp-json\/wp\/v2\/posts\/29352","targetHints":{"allow":["GET"]}}],"collection":[{"href":"https:\/\/catolicanet.net\/wp-cnet\/wp-json\/wp\/v2\/posts"}],"about":[{"href":"https:\/\/catolicanet.net\/wp-cnet\/wp-json\/wp\/v2\/types\/post"}],"author":[{"embeddable":true,"href":"https:\/\/catolicanet.net\/wp-cnet\/wp-json\/wp\/v2\/users\/1"}],"replies":[{"embeddable":true,"href":"https:\/\/catolicanet.net\/wp-cnet\/wp-json\/wp\/v2\/comments?post=29352"}],"version-history":[{"count":1,"href":"https:\/\/catolicanet.net\/wp-cnet\/wp-json\/wp\/v2\/posts\/29352\/revisions"}],"predecessor-version":[{"id":31101,"href":"https:\/\/catolicanet.net\/wp-cnet\/wp-json\/wp\/v2\/posts\/29352\/revisions\/31101"}],"wp:featuredmedia":[{"embeddable":true,"href":"https:\/\/catolicanet.net\/wp-cnet\/wp-json\/wp\/v2\/media\/29351"}],"wp:attachment":[{"href":"https:\/\/catolicanet.net\/wp-cnet\/wp-json\/wp\/v2\/media?parent=29352"}],"wp:term":[{"taxonomy":"category","embeddable":true,"href":"https:\/\/catolicanet.net\/wp-cnet\/wp-json\/wp\/v2\/categories?post=29352"},{"taxonomy":"post_tag","embeddable":true,"href":"https:\/\/catolicanet.net\/wp-cnet\/wp-json\/wp\/v2\/tags?post=29352"}],"curies":[{"name":"wp","href":"https:\/\/api.w.org\/{rel}","templated":true}]}}