{"id":29344,"date":"2017-04-05T16:29:51","date_gmt":"2017-04-05T19:29:51","guid":{"rendered":"http:\/\/catolicanet.net\/wp-cnet\/2017\/04\/05\/sua-familia-briga-muito-leia-isto\/"},"modified":"2017-06-09T14:20:11","modified_gmt":"2017-06-09T17:20:11","slug":"sua-familia-briga-muito-leia-isto","status":"publish","type":"post","link":"https:\/\/catolicanet.net\/wp-cnet\/sua-familia-briga-muito-leia-isto\/","title":{"rendered":"Sua fam\u00edlia briga muito? Leia isto"},"content":{"rendered":"<p style=\"text-align: justify;\"><img decoding=\"async\" src=\"http:\/\/www.catolicanet.com.br\/images\/stories\/noticias2017\/uoavgvu4jkpvk-pvxteb.jpg\" border=\"0\" align=\"left\" \/>Comentar<br \/>Talvez voc\u00ea n\u00e3o possa evitar as discuss\u00f5es dos seus parentes. Mas Cristo pode!<\/p>\n<p>J\u00e1 tinha tempo que dona Estela insistia que eu fosse comer na casa dela. Prometeu-me um delicioso mole (um prato mexicano espetacular), mas, devido a v\u00e1rias raz\u00f5es, ainda n\u00e3o tinha podido aceitar o convite. Enfim, surgiu uma oportunidade e combinamos que eu iria no domingo seguinte.<\/p>\n<p>Quando entrei na casa, v\u00e1rias crian\u00e7as foram me dar as boas-vindas. A\u00ed me dei conta de que n\u00e3o estava somente a dona Estela e a fam\u00edlia dela, mas tamb\u00e9m as fam\u00edlias de seus genros. Ent\u00e3o \u00e9ramos um monte de gente: pais, sogros, filhos, netos e at\u00e9 bisnetos.<\/p>\n<p>J\u00e1 com as tortilhas quentes, provamos o mole, o arroz, o torresmo, o feij\u00e3o, os molhos\u2026 e as sobremesas: arroz com leite, sorvete de chocolate e bolo de milho. Tudo estava muito bom!<\/p>\n<p>Mas houve algo melhor do que aquele banquete. Fiquei assombrado com a conviv\u00eancia familiar. Eram quatro fam\u00edlias reunidas e todos se esfor\u00e7avam para ter um momento agrad\u00e1vel. Os rostos estavam alegres, at\u00e9 as sogras e as noras estavam bem felizes\u2026<\/p>\n<p>Foi uma tarde fant\u00e1stica. Nada de confus\u00e3o, as brincadeiras iam e vinham e n\u00e3o faltava quem ajudasse a servir ou recolher os pratos. Todos \u2013 homens e mulheres, crian\u00e7as e adultos \u2013 contribu\u00edam para que a conviv\u00eancia fosse tranquila e alegre. Ficamos mais de seis horas no almo\u00e7o e n\u00e3o vi nenhuma cara chateada ou triste, muito menos um grito ou uma conversa atravessada.<\/p>\n<p>Mas, no meio desta festa t\u00e3o bonita, vinham \u00e0 mina mente as centenas de pessoa que chegam a mim chorando, porque suas festas familiares se transformam em grandes pesadelos. Irm\u00e3os que n\u00e3o toleram uma brincadeira, pais nervosos, que n\u00e3o sabem passar um minuto sem brigar, sogras ou noras que procuram qualquer momento para jogarem indiretas, aqueles que n\u00e3o sabem beber e acabam com a festa, aqueles que n\u00e3o conseguem esquecer o que passou e se enchem de coragem para desabafar no meio de todos\u2026<\/p>\n<p>Conhe\u00e7o fam\u00edlias que simplesmente n\u00e3o conseguem estar juntas. Filhos que n\u00e3o visitam os pais para n\u00e3o discutir, noras e genros que n\u00e3o se arriscam a ficar com a fam\u00edlia, irm\u00e3os que passam anos sem se falar\u2026<\/p>\n<p>Enquanto eu desejava que todos os membros dessas fam\u00edlias com conflitos estivessem pr\u00f3ximos uns dos outros para verem que \u00e9 poss\u00edvel se relacionar e ser feliz com os parentes, orei em sil\u00eancio:<\/p>\n<p>Meu Bom Pai, te pe\u00e7o por esta fam\u00edlia, que nunca lhe falte a alegria e o desejo de estar bem, nunca lhes falte esta vontade de ser fam\u00edlia.<\/p>\n<p>Tu, que foste filho de Maria e Jos\u00e9, pe\u00e7o-te por todas as fam\u00edlias que sofrem viol\u00eancia, em especial pelas que chegaram com l\u00e1grimas diante de mim. Tu, que mudaste a vida de Zaqueu, mostra-lhes teu rosto e ensina-os a sorrir, a desejar a paz e a ser fam\u00edlia.<\/p>\n<p>Santa Trindade, modelo de irmandade, ensina-nos a ser fam\u00edlia e, com teu poder det\u00e9m o que querem ofender, discutir ou brigar; cura os cora\u00e7\u00f5es feridos de tristeza, solid\u00e3o, \u00f3dio ou vingan\u00e7a, e guia nossa vida para que descubramos que seremos mais felizes, mais fortes e mais abundantes se promovermos a paz em nossas fam\u00edlias.<\/p>\n<p>Terminei essa ora\u00e7\u00e3o e me despedi. Nisso, escutei: \u201cpadre, poderia fazer uma ora\u00e7\u00e3o conosco?\u201d Maravilhoso! Acabo de descobrir por que eles s\u00e3o t\u00e3o felizes! Novamente comprovo: uma fam\u00edlia que reza unida, Deus mant\u00e9m unida.<\/p>\n<p>E, enquanto rez\u00e1vamos, pude ouvir Jesus dizendo-me: \u201cAnuncia meu Evangelho, n\u00e3o te canses. Com todas as fam\u00edlias que entrarem em tua vida dever\u00e1 fazer isso.\u201d<\/p>\n<p>Escrevo este testemunho para dizer: \u201cN\u00e3o perca a esperan\u00e7a! Deus tem o poder de unir e dar a paz para sua fam\u00edlia. N\u00e3o se canse de rezar. Talvez voc\u00ea n\u00e3o possa evitar as discuss\u00f5es dos seus parentes. Mas Cristo pode!<\/p>\n<p>Oremos por nossas fam\u00edlias!<\/p>\n<p style=\"text-align: justify;\">\u00a0<\/p>\n<p style=\"text-align: justify;\">Fonte: Aleteia<\/p>\n","protected":false},"excerpt":{"rendered":"<p>ComentarTalvez voc\u00ea n\u00e3o possa evitar as discuss\u00f5es dos seus parentes. Mas Cristo pode! J\u00e1 tinha tempo que dona Estela insistia que eu fosse comer na casa dela. Prometeu-me um delicioso mole (um prato mexicano espetacular), mas, devido a v\u00e1rias raz\u00f5es, ainda n\u00e3o tinha podido aceitar o convite. Enfim, surgiu uma oportunidade e combinamos que eu [&hellip;]<\/p>\n","protected":false},"author":1,"featured_media":29343,"comment_status":"open","ping_status":"open","sticky":false,"template":"","format":"standard","meta":{"footnotes":""},"categories":[4],"tags":[],"class_list":["post-29344","post","type-post","status-publish","format-standard","has-post-thumbnail","hentry","category-cotidiano"],"_links":{"self":[{"href":"https:\/\/catolicanet.net\/wp-cnet\/wp-json\/wp\/v2\/posts\/29344","targetHints":{"allow":["GET"]}}],"collection":[{"href":"https:\/\/catolicanet.net\/wp-cnet\/wp-json\/wp\/v2\/posts"}],"about":[{"href":"https:\/\/catolicanet.net\/wp-cnet\/wp-json\/wp\/v2\/types\/post"}],"author":[{"embeddable":true,"href":"https:\/\/catolicanet.net\/wp-cnet\/wp-json\/wp\/v2\/users\/1"}],"replies":[{"embeddable":true,"href":"https:\/\/catolicanet.net\/wp-cnet\/wp-json\/wp\/v2\/comments?post=29344"}],"version-history":[{"count":1,"href":"https:\/\/catolicanet.net\/wp-cnet\/wp-json\/wp\/v2\/posts\/29344\/revisions"}],"predecessor-version":[{"id":31105,"href":"https:\/\/catolicanet.net\/wp-cnet\/wp-json\/wp\/v2\/posts\/29344\/revisions\/31105"}],"wp:featuredmedia":[{"embeddable":true,"href":"https:\/\/catolicanet.net\/wp-cnet\/wp-json\/wp\/v2\/media\/29343"}],"wp:attachment":[{"href":"https:\/\/catolicanet.net\/wp-cnet\/wp-json\/wp\/v2\/media?parent=29344"}],"wp:term":[{"taxonomy":"category","embeddable":true,"href":"https:\/\/catolicanet.net\/wp-cnet\/wp-json\/wp\/v2\/categories?post=29344"},{"taxonomy":"post_tag","embeddable":true,"href":"https:\/\/catolicanet.net\/wp-cnet\/wp-json\/wp\/v2\/tags?post=29344"}],"curies":[{"name":"wp","href":"https:\/\/api.w.org\/{rel}","templated":true}]}}