{"id":29340,"date":"2017-04-05T13:32:25","date_gmt":"2017-04-05T16:32:25","guid":{"rendered":"http:\/\/catolicanet.net\/wp-cnet\/2017\/04\/05\/lamego-bispo-llamenta-profundamente-tragico-acidenter-em-fabrica-de-pirotecnia\/"},"modified":"2017-06-09T14:28:22","modified_gmt":"2017-06-09T17:28:22","slug":"lamego-bispo-llamenta-profundamente-tragico-acidenter-em-fabrica-de-pirotecnia","status":"publish","type":"post","link":"https:\/\/catolicanet.net\/wp-cnet\/lamego-bispo-llamenta-profundamente-tragico-acidenter-em-fabrica-de-pirotecnia\/","title":{"rendered":"Lamego: Bispo \u00ablamenta profundamente tr\u00e1gico acidente\u00bb em f\u00e1brica de pirotecnia"},"content":{"rendered":"<p style=\"text-align: justify;\"><img decoding=\"async\" src=\"http:\/\/www.catolicanet.com.br\/images\/stories\/noticias2017\/lamego_explosao_04-04-2017.jpg\" border=\"0\" align=\"left\" \/>D. Ant\u00f4nio Couto vai visitar familiares das v\u00edtimas mortais da explos\u00e3o, na localidade de Penaj\u00f3ia<\/p>\n<p>Lamego, 05 abr 2017 (Ecclesia) \u2013 O bispo de Lamego em declara\u00e7\u00f5es \u00e0 Ag\u00eancia ECCLESIA &#8220;lamentou profundamente o tr\u00e1gico acidente\u201d desta ter\u00e7a-feira numa f\u00e1brica de pirotecnia que \u201cceifou a vida&#8221; de pelo menos &#8220;oito pessoas&#8221; e real\u00e7ou que \u201cn\u00e3o compete agora apenas dar condol\u00eancias\u201d.<\/p>\n<p>\u201cTenho que ir muito para al\u00e9m daquilo que s\u00e3o as meras condol\u00eancias. Compete-me levar essa not\u00edcia do terceiro dia, da ressurrei\u00e7\u00e3o, a esta fam\u00edlia enlutada e muito entristecida\u201d, disse D. Ant\u00f4nio Couto enquanto se preparava para ir visitar os familiares dos donos da f\u00e1brica.<\/p>\n<p>\u00c0 Ag\u00eancia ECCLESIA, o bispo de Lamego explicou que a Igreja, o Evangelho, existem para esse an\u00fancio e para lembrar que \u201cJesus Cristo est\u00e1 vivo\u201d e presente junto das pessoas.<\/p>\n<p>D. Ant\u00f3nio Couto, que tem estado a receber informa\u00e7\u00f5es sobre a f\u00e1brica de pirotecnia que ficou destru\u00edda esta ter\u00e7a-feira na sequ\u00eancia de v\u00e1rias explos\u00f5es, disse que est\u00e3o confirmados oito mortos.<\/p>\n<p>Nas explos\u00f5es morreram seis pessoas da fam\u00edlia que geria a f\u00e1brica h\u00e1 cerca de 10 anos e que vivia na Par\u00f3quia de Ferreiros, no Munic\u00edpio de Lamego, sendo oriundas de Marco de Canaveses.<\/p>\n<p>Na referida trag\u00e9dia faleceu tamb\u00e9m um senhor da Par\u00f3quia de Barr\u00f4 e a oitava v\u00edtima \u00e9 proveniente da \u00e1rea de Lousada.<\/p>\n<p>A f\u00e1brica de pirotecnia, localiza tamb\u00e9m o bispo diocesano, fica num lugar da Par\u00f3quia do Sant\u00edssimo Salvador de Penaj\u00f3ia.<\/p>\n<p>O bispo de Lamego recorda que no \u00faltimo domingo a Igreja Cat\u00f3lica assinalou a \u201cvida nova dada a L\u00e1zaro\u201d, quando Jesus o ressuscitou.<\/p>\n<p>\u201cComo Jesus que n\u00e3o foi l\u00e1 apenas dar condol\u00eancias \u00e0 fam\u00edlia de L\u00e1zaro aqui teremos de dar a vida nova a todos estes nossos irm\u00e3os\u201d, desenvolveu ainda D. Ant\u00f4nio Couto.<\/p>\n<p style=\"text-align: justify;\">Fonte: Ag\u00eancia Ecclesia<\/p>\n","protected":false},"excerpt":{"rendered":"<p>D. Ant\u00f4nio Couto vai visitar familiares das v\u00edtimas mortais da explos\u00e3o, na localidade de Penaj\u00f3ia Lamego, 05 abr 2017 (Ecclesia) \u2013 O bispo de Lamego em declara\u00e7\u00f5es \u00e0 Ag\u00eancia ECCLESIA &#8220;lamentou profundamente o tr\u00e1gico acidente\u201d desta ter\u00e7a-feira numa f\u00e1brica de pirotecnia que \u201cceifou a vida&#8221; de pelo menos &#8220;oito pessoas&#8221; e real\u00e7ou que \u201cn\u00e3o compete [&hellip;]<\/p>\n","protected":false},"author":1,"featured_media":29339,"comment_status":"open","ping_status":"open","sticky":false,"template":"","format":"standard","meta":{"footnotes":""},"categories":[4],"tags":[],"class_list":["post-29340","post","type-post","status-publish","format-standard","has-post-thumbnail","hentry","category-cotidiano"],"_links":{"self":[{"href":"https:\/\/catolicanet.net\/wp-cnet\/wp-json\/wp\/v2\/posts\/29340","targetHints":{"allow":["GET"]}}],"collection":[{"href":"https:\/\/catolicanet.net\/wp-cnet\/wp-json\/wp\/v2\/posts"}],"about":[{"href":"https:\/\/catolicanet.net\/wp-cnet\/wp-json\/wp\/v2\/types\/post"}],"author":[{"embeddable":true,"href":"https:\/\/catolicanet.net\/wp-cnet\/wp-json\/wp\/v2\/users\/1"}],"replies":[{"embeddable":true,"href":"https:\/\/catolicanet.net\/wp-cnet\/wp-json\/wp\/v2\/comments?post=29340"}],"version-history":[{"count":1,"href":"https:\/\/catolicanet.net\/wp-cnet\/wp-json\/wp\/v2\/posts\/29340\/revisions"}],"predecessor-version":[{"id":31107,"href":"https:\/\/catolicanet.net\/wp-cnet\/wp-json\/wp\/v2\/posts\/29340\/revisions\/31107"}],"wp:featuredmedia":[{"embeddable":true,"href":"https:\/\/catolicanet.net\/wp-cnet\/wp-json\/wp\/v2\/media\/29339"}],"wp:attachment":[{"href":"https:\/\/catolicanet.net\/wp-cnet\/wp-json\/wp\/v2\/media?parent=29340"}],"wp:term":[{"taxonomy":"category","embeddable":true,"href":"https:\/\/catolicanet.net\/wp-cnet\/wp-json\/wp\/v2\/categories?post=29340"},{"taxonomy":"post_tag","embeddable":true,"href":"https:\/\/catolicanet.net\/wp-cnet\/wp-json\/wp\/v2\/tags?post=29340"}],"curies":[{"name":"wp","href":"https:\/\/api.w.org\/{rel}","templated":true}]}}