{"id":29338,"date":"2017-04-05T13:26:37","date_gmt":"2017-04-05T16:26:37","guid":{"rendered":"http:\/\/catolicanet.net\/wp-cnet\/2017\/04\/05\/papa-francisco-convida-a-aceitar-sofrimentos-como-forma-de-estar-em-comunhao-com-deus\/"},"modified":"2017-06-09T14:28:52","modified_gmt":"2017-06-09T17:28:52","slug":"papa-francisco-convida-a-aceitar-sofrimentos-como-forma-de-estar-em-comunhao-com-deus","status":"publish","type":"post","link":"https:\/\/catolicanet.net\/wp-cnet\/papa-francisco-convida-a-aceitar-sofrimentos-como-forma-de-estar-em-comunhao-com-deus\/","title":{"rendered":"Papa Francisco convida a aceitar sofrimentos como forma de estar em comunh\u00e3o com Deus"},"content":{"rendered":"<p style=\"text-align: justify;\"><img decoding=\"async\" src=\"http:\/\/www.catolicanet.com.br\/images\/stories\/noticias2017\/audienciageneral.jpg\" border=\"0\" align=\"left\" \/>VATICANO, 05 Abr. 17 \/ 09:45 am (ACI).- \u201cQuando sofremos pelo bem, estamos em comunh\u00e3o com o Senhor\u201d, assegurou o Papa Francisco na catequese da Audi\u00eancia Geral desta quarta-feira, na Pra\u00e7a de S\u00e3o Pedro no Vaticano.<\/p>\n<p>Poucos dias antes do come\u00e7o da Semana Santa, o Pont\u00edfice quis explicar o sentido do sofrimento no contexto da esperan\u00e7a crist\u00e3. O ensinamento do Santo Padre esteve centrado na medita\u00e7\u00e3o sobre a esperan\u00e7a crist\u00e3 \u201cDar raz\u00e3o da nossa esperan\u00e7a\u201d, da primeira carta de S\u00e3o Pedro.<\/p>\n<p>\u201cS\u00e3o Pedro afirma que \u2018\u00e9 melhor sofrer praticando o bem do que fazendo o mal\u2019. Isto n\u00e3o quer dizer que \u00e9 bom sofrer, mas que, quando sofremos pelo bem, estamos em comunh\u00e3o com o Senhor, que padeceu e sofreu na cruz pela nossa salva\u00e7\u00e3o\u201d, explicou o Bispo de Roma.<\/p>\n<p>Francisco explicou o sentido de aceitar o sofrimento como uma forma de entregar-se aos demais. \u201cQuando n\u00f3s, em situa\u00e7\u00f5es menores ou maiores em nossa vida, aceitamos sofrer pelo bem, \u00e9 como se lan\u00e7\u00e1ssemos ao nosso redor sementes de ressurrei\u00e7\u00e3o e de vida e fiz\u00e9ssemos resplandecer na escurid\u00e3o a luz da P\u00e1scoa\u201d.<\/p>\n<p>\u201c\u00c9 por isso que o Ap\u00f3stolo nos exorta a responder sempre fazendo votos de todo o bem. A b\u00ean\u00e7\u00e3o n\u00e3o \u00e9 uma formalidade, n\u00e3o \u00e9 somente um sinal de cortesia, mas \u00e9 um grande presente que n\u00f3s recebemos em primeiro lugar e que temos a possibilidade de compartilhar com os irm\u00e3os. \u00c9 o an\u00fancio do amor de Deus, um amor sem medidas que n\u00e3o se esgota, que nunca falta e que constitui o verdadeiro fundamento de nossa esperan\u00e7a\u201d.<\/p>\n<p>Esta carta de S\u00e3o Pedro \u201cconsegue infundir grande consola\u00e7\u00e3o e paz, fazendo perceber como o Senhor est\u00e1 sempre ao nosso lado e nunca nos abandona, sobretudo, nos momentos mais delicados e dif\u00edceis da nossa vida\u201d.<\/p>\n<p>\u201cO segredo est\u00e1 no fato de que este texto afunda as suas ra\u00edzes diretamente na P\u00e1scoa, no cora\u00e7\u00e3o do mist\u00e9rio que estamos para celebrar, fazendo-nos, assim, perceber toda a luz e alegria que brotam da morte e ressurrei\u00e7\u00e3o de Cristo\u201d.<\/p>\n<p>O Papa explicou que \u201cCristo verdadeiramente ressuscitou, est\u00e1 vivo e habita em cada um de n\u00f3s. \u00c9 por isso que S\u00e3o Pedro nos convida com for\u00e7a a ador\u00e1-lo nos nossos cora\u00e7\u00f5es. Neles o Senhor estabeleceu sua morada no momento do nosso Batismo e, desde esse momento, continua renovando nossa vida, preenchendo-nos com seu amor e plenitude do seu Esp\u00edrito\u201d.<\/p>\n<p>Al\u00e9m disso, afirmou que \u201ca nossa esperan\u00e7a n\u00e3o \u00e9 um conceito, nem um sentimento, mas \u00e9 uma Pessoa, o Senhor Jesus, vivo e presente em n\u00f3s e nos nossos irm\u00e3os. Compreendemos, agora, que dessa esperan\u00e7a n\u00e3o se deve tanto dar raz\u00e3o a n\u00edvel te\u00f3rico, em palavras, mas, sobretudo, com o testemunho da vida, dentro e fora da comunidade crist\u00e3\u201d.<\/p>\n<p>\u201cSe Cristo est\u00e1 vivo e habita em n\u00f3s, no nosso cora\u00e7\u00e3o, ent\u00e3o devemos deixar que ele se torne vis\u00edvel e que aja em n\u00f3s\u201d.<\/p>\n<p>\u201cIsto significa \u2013 continuou \u2013 que o Senhor Jesus deve ser sempre o nosso modelo de vida e que, por conseguinte, devemos aprender a nos comportarmos como Ele se comportou\u201d.<\/p>\n<p>Portanto, \u201ca esperan\u00e7a que habita em n\u00f3s n\u00e3o pode permanecer escondida em dentro de n\u00f3s, em nosso cora\u00e7\u00e3o. Mas, a nossa esperan\u00e7a deve, necessariamente, transmitir-se para fora, tomando a forma inconfund\u00edvel da do\u00e7ura, do respeito, da benevol\u00eancia para com o pr\u00f3ximo, chegando at\u00e9 mesmo a perdoar quem nos faz mal. Sim, porque assim fez Jesus e assim continua fazendo por meio daqueles que abrem espa\u00e7o no seu cora\u00e7\u00e3o e em sua vida, na consci\u00eancia de que o mal n\u00e3o se vence com o mal, mas com a humildade, com a miseric\u00f3rdia e com a do\u00e7ura\u201d.<\/p>\n<p style=\"text-align: justify;\">\u00a0<\/p>\n<p style=\"text-align: justify;\">Fonte: Acidigital<\/p>\n","protected":false},"excerpt":{"rendered":"<p>VATICANO, 05 Abr. 17 \/ 09:45 am (ACI).- \u201cQuando sofremos pelo bem, estamos em comunh\u00e3o com o Senhor\u201d, assegurou o Papa Francisco na catequese da Audi\u00eancia Geral desta quarta-feira, na Pra\u00e7a de S\u00e3o Pedro no Vaticano. Poucos dias antes do come\u00e7o da Semana Santa, o Pont\u00edfice quis explicar o sentido do sofrimento no contexto da [&hellip;]<\/p>\n","protected":false},"author":1,"featured_media":29337,"comment_status":"open","ping_status":"open","sticky":false,"template":"","format":"standard","meta":{"footnotes":""},"categories":[4],"tags":[],"class_list":["post-29338","post","type-post","status-publish","format-standard","has-post-thumbnail","hentry","category-cotidiano"],"_links":{"self":[{"href":"https:\/\/catolicanet.net\/wp-cnet\/wp-json\/wp\/v2\/posts\/29338","targetHints":{"allow":["GET"]}}],"collection":[{"href":"https:\/\/catolicanet.net\/wp-cnet\/wp-json\/wp\/v2\/posts"}],"about":[{"href":"https:\/\/catolicanet.net\/wp-cnet\/wp-json\/wp\/v2\/types\/post"}],"author":[{"embeddable":true,"href":"https:\/\/catolicanet.net\/wp-cnet\/wp-json\/wp\/v2\/users\/1"}],"replies":[{"embeddable":true,"href":"https:\/\/catolicanet.net\/wp-cnet\/wp-json\/wp\/v2\/comments?post=29338"}],"version-history":[{"count":1,"href":"https:\/\/catolicanet.net\/wp-cnet\/wp-json\/wp\/v2\/posts\/29338\/revisions"}],"predecessor-version":[{"id":31108,"href":"https:\/\/catolicanet.net\/wp-cnet\/wp-json\/wp\/v2\/posts\/29338\/revisions\/31108"}],"wp:featuredmedia":[{"embeddable":true,"href":"https:\/\/catolicanet.net\/wp-cnet\/wp-json\/wp\/v2\/media\/29337"}],"wp:attachment":[{"href":"https:\/\/catolicanet.net\/wp-cnet\/wp-json\/wp\/v2\/media?parent=29338"}],"wp:term":[{"taxonomy":"category","embeddable":true,"href":"https:\/\/catolicanet.net\/wp-cnet\/wp-json\/wp\/v2\/categories?post=29338"},{"taxonomy":"post_tag","embeddable":true,"href":"https:\/\/catolicanet.net\/wp-cnet\/wp-json\/wp\/v2\/tags?post=29338"}],"curies":[{"name":"wp","href":"https:\/\/api.w.org\/{rel}","templated":true}]}}