{"id":29326,"date":"2017-04-04T19:36:01","date_gmt":"2017-04-04T22:36:01","guid":{"rendered":"http:\/\/catolicanet.net\/wp-cnet\/2017\/04\/04\/cnbb-abre-credenciamento-para-a-55o-assembleia-geral\/"},"modified":"2017-06-09T14:38:46","modified_gmt":"2017-06-09T17:38:46","slug":"cnbb-abre-credenciamento-para-a-55o-assembleia-geral","status":"publish","type":"post","link":"https:\/\/catolicanet.net\/wp-cnet\/cnbb-abre-credenciamento-para-a-55o-assembleia-geral\/","title":{"rendered":"CNBB abre credenciamento para a 55\u00aa Assembleia Geral"},"content":{"rendered":"<p style=\"text-align: center;\"><img decoding=\"async\" src=\"http:\/\/www.catolicanet.com.br\/images\/stories\/noticias2017\/capa-credenciamento.png\" border=\"0\" \/><\/p>\n<p style=\"text-align: justify;\">\u00a0<\/p>\n<p style=\"text-align: justify;\">Equipes de imprensa poder\u00e3o se cadastrar at\u00e9 o dia 18 de abril<\/p>\n<p>Est\u00e1 aberto o credenciamento para a 55\u00aa Assembleia Geral da Confer\u00eancia Nacional dos Bispos do Brasil (CNBB), que ser\u00e1 realizada entre os dias 26 de abril e 5 de maio, no Santu\u00e1rio Nacional de Nossa Senhora Aparecida, em Aparecida (SP). <\/p>\n<p>A Assembleia, que reunir\u00e1 cerca de 370 bispos dos dezoito regionais da CNBB e, como de costume, ser\u00e3o tratados temas relacionados \u00e0 realidade socioecon\u00f4mica e pol\u00edtica do Brasil e o debate central se realizar\u00e1 em torno da quest\u00e3o da \u201cInicia\u00e7\u00e3o \u00e0 vida crist\u00e3\u201d. Outros temas priorit\u00e1rios tamb\u00e9m ser\u00e3o abordados: reflex\u00e3o sobre a exorta\u00e7\u00e3o apost\u00f3lica do papa Francisco \u201cAmoris Laetitia \u2013 sobre o amor na fam\u00edlia\u201d, o caminho ecum\u00eanico, as Novas Formas de consagra\u00e7\u00e3o e Novas Comunidades, os 10 anos da Confer\u00eancia de Aparecida e a XV Assembleia do S\u00ednodo dos Bispos, que acontecer\u00e1 em 2018 com o tema \u201cOs jovens, a f\u00e9 e o discernimento vocacional\u201d.<\/p>\n<p>O credenciamento dever\u00e1 ser feito at\u00e9 o dia 18 de abril, por meio de preenchimento do formul\u00e1rio dispon\u00edvel aqui.<\/p>\n<p>As credenciais ser\u00e3o entregues no local, mediante apresenta\u00e7\u00e3o da carteira de identidade. Haver\u00e1 para as equipes de imprensa um ambiente de trabalho dispon\u00edvel com acesso \u00e0 internet (via cabo). <br \/>Programa\u00e7\u00e3o<\/p>\n<p>A 55\u00aa Assembleia Geral da CNBB iniciar\u00e1 no dia 26, \u00e0s 7h30, com uma missa no Santu\u00e1rio Nacional de Aparecida. A cerim\u00f4nia de instala\u00e7\u00e3o da AG acontecer\u00e1 no mesmo dia, \u00e0s 9h15, no audit\u00f3rio do Centro de Eventos Padre V\u00edtor Coelho e ser\u00e1 aberta \u00e0 imprensa.<\/p>\n<p>Todos os dias, exceto no domingo, dia 30, ser\u00e3o celebradas missas com laudes, das 7h30 \u00e0s 8h45, no Santu\u00e1rio Nacional de Aparecida. Haver\u00e1 transmiss\u00e3o ao vivo pelas emissoras cat\u00f3licas de r\u00e1dio e televis\u00e3o. <\/p>\n<p>Os trabalhos da Assembleia ser\u00e3o desenvolvidos em quatro sess\u00f5es, sendo duas pela manh\u00e3 (9h15 \u00e0s 12h45) e duas \u00e0 tarde (15h40 \u00e0s 19h30). <\/p>\n<p>As entrevistas coletivas acontecer\u00e3o sempre \u00e0s 15h, na Sala de Imprensa do Centro de Eventos, com a presen\u00e7a de tr\u00eas bispos designados pela Presid\u00eancia da Assembleia. O porta-voz ser\u00e1 o presidente da Comiss\u00e3o Episcopal Pastoral para a Comunica\u00e7\u00e3o, dom Darci Nicioli.<\/p>\n<p>O retiro dos bispos iniciar\u00e1 no dia 9 de abril, \u00e0s 15h30, e terminar\u00e1 no domingo, 10, \u00e0s 11h30, com uma missa no Santu\u00e1rio de Aparecida. O pregador ser\u00e1 o abade trapista Dom Bernardo Bonowitz, OCSO. <\/p>\n<p>Haver\u00e1 uma celebra\u00e7\u00e3o Ecum\u00eanica no dia 2 de maio, recordando os 500 anos da Reforma Protestante.<\/p>\n<p>Na quinta-feira, dia 4 de maio, ser\u00e1 realizada uma Sess\u00e3o Mariana, em comemora\u00e7\u00e3o pelos 300 anos do Encontro da Imagem de Nossa Senhora Aparecida e 100 anos das Apari\u00e7\u00f5es de F\u00e1tima.<\/p>\n<p>A cerim\u00f4nia de encerramento da Assembleia ser\u00e1 realizada no Centro de Eventos, no dia 5 de maio, \u00e0s 10h30.<\/p>\n<p style=\"text-align: justify;\">\u00a0<\/p>\n<p style=\"text-align: justify;\">Fonte: CNBB<\/p>\n","protected":false},"excerpt":{"rendered":"<p>\u00a0 Equipes de imprensa poder\u00e3o se cadastrar at\u00e9 o dia 18 de abril Est\u00e1 aberto o credenciamento para a 55\u00aa Assembleia Geral da Confer\u00eancia Nacional dos Bispos do Brasil (CNBB), que ser\u00e1 realizada entre os dias 26 de abril e 5 de maio, no Santu\u00e1rio Nacional de Nossa Senhora Aparecida, em Aparecida (SP). A Assembleia, [&hellip;]<\/p>\n","protected":false},"author":1,"featured_media":29325,"comment_status":"open","ping_status":"open","sticky":false,"template":"","format":"standard","meta":{"footnotes":""},"categories":[7],"tags":[],"class_list":["post-29326","post","type-post","status-publish","format-standard","has-post-thumbnail","hentry","category-cnbb"],"_links":{"self":[{"href":"https:\/\/catolicanet.net\/wp-cnet\/wp-json\/wp\/v2\/posts\/29326","targetHints":{"allow":["GET"]}}],"collection":[{"href":"https:\/\/catolicanet.net\/wp-cnet\/wp-json\/wp\/v2\/posts"}],"about":[{"href":"https:\/\/catolicanet.net\/wp-cnet\/wp-json\/wp\/v2\/types\/post"}],"author":[{"embeddable":true,"href":"https:\/\/catolicanet.net\/wp-cnet\/wp-json\/wp\/v2\/users\/1"}],"replies":[{"embeddable":true,"href":"https:\/\/catolicanet.net\/wp-cnet\/wp-json\/wp\/v2\/comments?post=29326"}],"version-history":[{"count":1,"href":"https:\/\/catolicanet.net\/wp-cnet\/wp-json\/wp\/v2\/posts\/29326\/revisions"}],"predecessor-version":[{"id":31114,"href":"https:\/\/catolicanet.net\/wp-cnet\/wp-json\/wp\/v2\/posts\/29326\/revisions\/31114"}],"wp:featuredmedia":[{"embeddable":true,"href":"https:\/\/catolicanet.net\/wp-cnet\/wp-json\/wp\/v2\/media\/29325"}],"wp:attachment":[{"href":"https:\/\/catolicanet.net\/wp-cnet\/wp-json\/wp\/v2\/media?parent=29326"}],"wp:term":[{"taxonomy":"category","embeddable":true,"href":"https:\/\/catolicanet.net\/wp-cnet\/wp-json\/wp\/v2\/categories?post=29326"},{"taxonomy":"post_tag","embeddable":true,"href":"https:\/\/catolicanet.net\/wp-cnet\/wp-json\/wp\/v2\/tags?post=29326"}],"curies":[{"name":"wp","href":"https:\/\/api.w.org\/{rel}","templated":true}]}}