{"id":29324,"date":"2017-04-04T19:29:00","date_gmt":"2017-04-04T22:29:00","guid":{"rendered":"http:\/\/catolicanet.net\/wp-cnet\/2017\/04\/04\/comissao-prepara-subsidio-doutrinal-sobre-exorcismos\/"},"modified":"2017-06-09T14:39:10","modified_gmt":"2017-06-09T17:39:10","slug":"comissao-prepara-subsidio-doutrinal-sobre-exorcismos","status":"publish","type":"post","link":"https:\/\/catolicanet.net\/wp-cnet\/comissao-prepara-subsidio-doutrinal-sobre-exorcismos\/","title":{"rendered":"Comiss\u00e3o prepara subs\u00eddio doutrinal sobre Exorcismos"},"content":{"rendered":"<p style=\"text-align: justify;\"><img decoding=\"async\" src=\"http:\/\/www.catolicanet.com.br\/images\/stories\/noticias2017\/capa-exorcismos.jpg\" border=\"0\" align=\"left\" \/>O documento vai oferecer uma reflex\u00e3o sobre exorcismos, rituais de cura e liberta\u00e7\u00e3o<\/p>\n<p>A Comiss\u00e3o Episcopal para a Doutrina da F\u00e9 da Confer\u00eancia Nacional dos Bispos do Brasil (CNBB) vai lan\u00e7ar durante a 55\u00aa Assembleia Geral da CNBB, entre os dias 26 e 5 de maio, em Aparecida (SP), dois subs\u00eddios doutrinais. Um deles aborda os &#8220;Exorcismos: Reflex\u00f5es teol\u00f3gicas e orienta\u00e7\u00f5es pastorais&#8221; e o outro vai falar sobre o ensino de Filosofia na Forma\u00e7\u00e3o Presbiteral. Todo o material foi elaborado pelos bispos e padres membros da comiss\u00e3o com o apoio do Grupo Interdisciplinar de Peritos (GIP), \u00f3rg\u00e3o de assessoria teol\u00f3gica para auxiliar a comiss\u00e3o no cumprimento de sua miss\u00e3o e de suas atribui\u00e7\u00f5es.<\/p>\n<p>O bispo de Santo Andr\u00e9 (SP) e presidente da Comiss\u00e3o para a Doutrina da F\u00e9 da CNBB, dom Pedro Carlos Cipollini, diz que o subs\u00eddio vai oferecer uma reflex\u00e3o sobre exorcismos, rituais de cura e liberta\u00e7\u00e3o que vem preocupando muitos bispos, que inclusive, solicitaram que a comiss\u00e3o tratasse do assunto.<\/p>\n<p>\u201cN\u00f3s vemos que surge nesse momento de crise uma situa\u00e7\u00e3o onde as pessoas se desesperam, inclusive, agravam-se as preocupa\u00e7\u00f5es, a falta de sentido da vida, a droga, s\u00e3o tantas crises acumuladas, inclusive, aumento de suic\u00eddio no meio de jovens. E no meio de tudo isso, n\u00f3s vemos desespero e a apela\u00e7\u00e3o, por exemplo, a quest\u00e3o de exorcismos n\u00e3o s\u00f3 na Igreja Cat\u00f3lica, mas tamb\u00e9m fora, em muitas outras denomina\u00e7\u00f5es religiosas. Por isso, n\u00f3s vamos oferecer uma reflex\u00e3o sobre o tema&#8221;, contextualiza o bispo. Para dom Cipollini, \u00e9 inevit\u00e1vel ao abordar as quest\u00f5es de exorcismos, de ben\u00e7\u00e3o, de cura, liberta\u00e7\u00e3o do maligno, tratar tamb\u00e9m da quest\u00e3o do maligno, a exist\u00eancia do mal a partir da f\u00e9 Cat\u00f3lica e da Sagrada Escritura. &#8220;\u00c9 uma reflex\u00e3o que tem um \u00faltimo cap\u00edtulo de sugest\u00f5es pr\u00e1ticas diante dessa realidade\u201d, destaca.<\/p>\n<p>Em diversos grupos religiosos, n\u00e3o somente entre os crist\u00e3os, s\u00e3o realizadas prega\u00e7\u00f5es confusas sobre a a\u00e7\u00e3o do diabo ou dos dem\u00f4nios. Para alguns, todo mal no mundo \u00e9 resultado da constante a\u00e7\u00e3o do diabo que tenta a humanidade. <\/p>\n<p>\u201cExiste exagero quando as pessoas est\u00e3o desesperadas em todos os sentidos. Ent\u00e3o, \u00e9 evidente que existem exageros, inclusive, existe a tend\u00eancia de imitar outras denomina\u00e7\u00f5es religiosas no que tange a essa quest\u00e3o de exorcismo para atrair fieis, \u00e0s vezes, para satisfazer uma demanda, de forma que o estudo trata de tudo isto\u201d, pontua o bispo.<\/p>\n<p>Essas pr\u00e1ticas se valem de rituais, palavras e or\u00e1culos que pretendem dominar o maligno, especialmente quando ele \u00e9 entendido como uma entidade que se apossa de pessoas, objetos e lugares. Igualmente, em certos grupos eclesiais, multiplicam-se reuni\u00f5es para rezar, a fim de obter a liberta\u00e7\u00e3o da influ\u00eancia dos dem\u00f4nios, embora n\u00e3o se trate de exorcismo propriamente dito. Foco das reflex\u00f5es do texto, a quest\u00e3o do mal e da apela\u00e7\u00e3o para os exorcismos ser\u00e3o iluminadas pelo ensinamento da Igreja, a qual possui o ritual dos exorcismos, baseado na tradi\u00e7\u00e3o e no magist\u00e9rio.<\/p>\n<p>O subs\u00eddio doutrinal traz sete cap\u00edtulos que v\u00e3o tratar, entre eles, do Diabo e dem\u00f4nios na Sagrada Escritura; Jesus Exorcista; O maligno segundo a Tradi\u00e7\u00e3o crist\u00e3 e Ensinamentos do Magist\u00e9rio recente. No \u00faltimo cap\u00edtulo, o subs\u00eddio traz uma reflex\u00e3o e sugest\u00f5es pr\u00e1ticas diante dessa realidade.<\/p>\n<p style=\"text-align: justify;\"><img decoding=\"async\" src=\"http:\/\/www.catolicanet.com.br\/images\/stories\/noticias2017\/capa-ensino-da-filosofia.jpg\" border=\"0\" align=\"right\" \/>Filosofia<\/p>\n<p>Durante a Assembleia tamb\u00e9m ser\u00e1 lan\u00e7ado o subs\u00eddio sobre o ensino de Filosofia na Forma\u00e7\u00e3o Presbiteral. O material \u00e9 propositalmente sint\u00e9tico, convidando a refletir sobre a import\u00e2ncia do tema de que trata e de sua articula\u00e7\u00e3o com o conjunto da forma\u00e7\u00e3o de quem se prepara para o minist\u00e9rio sacerdotal. Seu objetivo \u00e9 discutir a import\u00e2ncia do ensino de Filosofia na forma\u00e7\u00e3o presbiteral, pontuar algumas dificuldades encontradas atualmente na forma\u00e7\u00e3o filos\u00f3fica e p\u00f4r em relevo algumas linhas que ajudem na organiza\u00e7\u00e3o de cursos de Filosofia de qualidade que respondam \u00e0s exig\u00eancias da Igreja, no contexto atual.<\/p>\n<p>A reflex\u00e3o tem como referenciais os Documentos do Magist\u00e9rio dos Pont\u00edfices e dos Dicast\u00e9rios da C\u00faria Romana sobre a forma\u00e7\u00e3o presbiteral, especialmente a Ratio fundamentalis institutionis sacerdotalis de 2016 (Da Voca\u00e7\u00e3o Presbiteral); o Decreto de Reforma dos estudos eclesi\u00e1sticos de Filosofia, 2011; a Ratio fundamentalis institutionis sacerdotalis de 1985 e sua aplica\u00e7\u00e3o na Igreja do Brasil (as Diretrizes para a Forma\u00e7\u00e3o dos Presb\u00edteros da Igreja no Brasil, 2010), levando em considera\u00e7\u00e3o as circunst\u00e2ncias culturais e sociais do tempo presente.<\/p>\n<p>A Comiss\u00e3o j\u00e1 entregou \u00e0 Igreja no Brasil uma reflex\u00e3o sobre o ensino da Teologia (Subs\u00eddios Doutrinais n. 6). Agora, respondendo a solicita\u00e7\u00f5es recebidas e \u00e0 necessidade de que ela mesma reconhece de aprofundar o tema, d\u00e1 continuidade \u00e0 precedente reflex\u00e3o.<\/p>\n<p style=\"text-align: justify;\">\u00a0<\/p>\n<p style=\"text-align: justify;\">Fonte: CNBB<\/p>\n","protected":false},"excerpt":{"rendered":"<p>O documento vai oferecer uma reflex\u00e3o sobre exorcismos, rituais de cura e liberta\u00e7\u00e3o A Comiss\u00e3o Episcopal para a Doutrina da F\u00e9 da Confer\u00eancia Nacional dos Bispos do Brasil (CNBB) vai lan\u00e7ar durante a 55\u00aa Assembleia Geral da CNBB, entre os dias 26 e 5 de maio, em Aparecida (SP), dois subs\u00eddios doutrinais. Um deles aborda [&hellip;]<\/p>\n","protected":false},"author":1,"featured_media":29323,"comment_status":"open","ping_status":"open","sticky":false,"template":"","format":"standard","meta":{"footnotes":""},"categories":[7],"tags":[],"class_list":["post-29324","post","type-post","status-publish","format-standard","has-post-thumbnail","hentry","category-cnbb"],"_links":{"self":[{"href":"https:\/\/catolicanet.net\/wp-cnet\/wp-json\/wp\/v2\/posts\/29324","targetHints":{"allow":["GET"]}}],"collection":[{"href":"https:\/\/catolicanet.net\/wp-cnet\/wp-json\/wp\/v2\/posts"}],"about":[{"href":"https:\/\/catolicanet.net\/wp-cnet\/wp-json\/wp\/v2\/types\/post"}],"author":[{"embeddable":true,"href":"https:\/\/catolicanet.net\/wp-cnet\/wp-json\/wp\/v2\/users\/1"}],"replies":[{"embeddable":true,"href":"https:\/\/catolicanet.net\/wp-cnet\/wp-json\/wp\/v2\/comments?post=29324"}],"version-history":[{"count":1,"href":"https:\/\/catolicanet.net\/wp-cnet\/wp-json\/wp\/v2\/posts\/29324\/revisions"}],"predecessor-version":[{"id":31115,"href":"https:\/\/catolicanet.net\/wp-cnet\/wp-json\/wp\/v2\/posts\/29324\/revisions\/31115"}],"wp:featuredmedia":[{"embeddable":true,"href":"https:\/\/catolicanet.net\/wp-cnet\/wp-json\/wp\/v2\/media\/29323"}],"wp:attachment":[{"href":"https:\/\/catolicanet.net\/wp-cnet\/wp-json\/wp\/v2\/media?parent=29324"}],"wp:term":[{"taxonomy":"category","embeddable":true,"href":"https:\/\/catolicanet.net\/wp-cnet\/wp-json\/wp\/v2\/categories?post=29324"},{"taxonomy":"post_tag","embeddable":true,"href":"https:\/\/catolicanet.net\/wp-cnet\/wp-json\/wp\/v2\/tags?post=29324"}],"curies":[{"name":"wp","href":"https:\/\/api.w.org\/{rel}","templated":true}]}}