{"id":29318,"date":"2017-04-04T19:06:32","date_gmt":"2017-04-04T22:06:32","guid":{"rendered":"http:\/\/catolicanet.net\/wp-cnet\/2017\/04\/04\/americaparaguai-a-conferencia-episcopal-aceita-participar-do-dialogo-proposto-por-cartes\/"},"modified":"2017-06-09T14:46:50","modified_gmt":"2017-06-09T17:46:50","slug":"americaparaguai-a-conferencia-episcopal-aceita-participar-do-dialogo-proposto-por-cartes","status":"publish","type":"post","link":"https:\/\/catolicanet.net\/wp-cnet\/americaparaguai-a-conferencia-episcopal-aceita-participar-do-dialogo-proposto-por-cartes\/","title":{"rendered":"AM\u00c9RICA\/PARAGUAI &#8211; A Confer\u00eancia Episcopal aceita participar do di\u00e1logo proposto por Cartes"},"content":{"rendered":"<p style=\"text-align: justify;\"><img decoding=\"async\" src=\"http:\/\/www.catolicanet.com.br\/images\/stories\/noticias2017\/primopiano_3732.jpg\" border=\"0\" align=\"left\" \/>Assun\u00e7\u00e3o (Ag\u00eancia Fides) \u2013 A Confer\u00eancia Episcopal do Paraguai confirmou sua participa\u00e7\u00e3o na mesa de di\u00e1logo convocada pelo Presidente Horacio Cartes com v\u00e1rios setores pol\u00edticos. Segundo a comunica\u00e7\u00e3o recebida pela Fides, os Bispos se encontrar\u00e3o antes para discutir o convite e concordar uma avalia\u00e7\u00e3o. Uma das poss\u00edveis solu\u00e7\u00f5es propostas pelo Presidente Cartes para negociar a situa\u00e7\u00e3o pol\u00edtica \u00e9 se encontrar com os v\u00e1rios grupos institucionais para tratar do tema de modo urgente.<\/p>\n<p>Fonte: Ag\u00eancia Fides<\/p>\n","protected":false},"excerpt":{"rendered":"<p>Assun\u00e7\u00e3o (Ag\u00eancia Fides) \u2013 A Confer\u00eancia Episcopal do Paraguai confirmou sua participa\u00e7\u00e3o na mesa de di\u00e1logo convocada pelo Presidente Horacio Cartes com v\u00e1rios setores pol\u00edticos. Segundo a comunica\u00e7\u00e3o recebida pela Fides, os Bispos se encontrar\u00e3o antes para discutir o convite e concordar uma avalia\u00e7\u00e3o. Uma das poss\u00edveis solu\u00e7\u00f5es propostas pelo Presidente Cartes para negociar a [&hellip;]<\/p>\n","protected":false},"author":1,"featured_media":29317,"comment_status":"open","ping_status":"open","sticky":false,"template":"","format":"standard","meta":{"footnotes":""},"categories":[4],"tags":[],"class_list":["post-29318","post","type-post","status-publish","format-standard","has-post-thumbnail","hentry","category-cotidiano"],"_links":{"self":[{"href":"https:\/\/catolicanet.net\/wp-cnet\/wp-json\/wp\/v2\/posts\/29318","targetHints":{"allow":["GET"]}}],"collection":[{"href":"https:\/\/catolicanet.net\/wp-cnet\/wp-json\/wp\/v2\/posts"}],"about":[{"href":"https:\/\/catolicanet.net\/wp-cnet\/wp-json\/wp\/v2\/types\/post"}],"author":[{"embeddable":true,"href":"https:\/\/catolicanet.net\/wp-cnet\/wp-json\/wp\/v2\/users\/1"}],"replies":[{"embeddable":true,"href":"https:\/\/catolicanet.net\/wp-cnet\/wp-json\/wp\/v2\/comments?post=29318"}],"version-history":[{"count":1,"href":"https:\/\/catolicanet.net\/wp-cnet\/wp-json\/wp\/v2\/posts\/29318\/revisions"}],"predecessor-version":[{"id":31118,"href":"https:\/\/catolicanet.net\/wp-cnet\/wp-json\/wp\/v2\/posts\/29318\/revisions\/31118"}],"wp:featuredmedia":[{"embeddable":true,"href":"https:\/\/catolicanet.net\/wp-cnet\/wp-json\/wp\/v2\/media\/29317"}],"wp:attachment":[{"href":"https:\/\/catolicanet.net\/wp-cnet\/wp-json\/wp\/v2\/media?parent=29318"}],"wp:term":[{"taxonomy":"category","embeddable":true,"href":"https:\/\/catolicanet.net\/wp-cnet\/wp-json\/wp\/v2\/categories?post=29318"},{"taxonomy":"post_tag","embeddable":true,"href":"https:\/\/catolicanet.net\/wp-cnet\/wp-json\/wp\/v2\/tags?post=29318"}],"curies":[{"name":"wp","href":"https:\/\/api.w.org\/{rel}","templated":true}]}}