{"id":29307,"date":"2017-04-04T15:51:04","date_gmt":"2017-04-04T18:51:04","guid":{"rendered":"http:\/\/catolicanet.net\/wp-cnet\/2017\/04\/04\/vitima-de-esclerose-claudia-rodrigues-supera-doenca-e-rejeicao-e-planeja-recomeco-em-sua-vida\/"},"modified":"2017-06-09T14:52:45","modified_gmt":"2017-06-09T17:52:45","slug":"vitima-de-esclerose-claudia-rodrigues-supera-doenca-e-rejeicao-e-planeja-recomeco-em-sua-vida","status":"publish","type":"post","link":"https:\/\/catolicanet.net\/wp-cnet\/vitima-de-esclerose-claudia-rodrigues-supera-doenca-e-rejeicao-e-planeja-recomeco-em-sua-vida\/","title":{"rendered":"V\u00edtima de esclerose, Cl\u00e1udia Rodrigues supera doen\u00e7a e rejei\u00e7\u00e3o e planeja recome\u00e7o em sua vida"},"content":{"rendered":"<p style=\"text-align: center;\"><img decoding=\"async\" src=\"http:\/\/www.catolicanet.com.br\/images\/stories\/noticias2017\/claudia-rodrigues-2.jpg\" border=\"0\" \/><\/p>\n<p style=\"text-align: justify;\">\u00a0<\/p>\n<p style=\"text-align: justify;\">Um exemplo incr\u00edvel de supera\u00e7\u00e3o<\/p>\n<p>Quem nunca se divertiu com a Marinete da s\u00e9rie \u201cA Diarista\u201d? Se lembra dela?<\/p>\n<p>A engra\u00e7ada personagem foi interpretada pela atriz Claudia Rodrigues, que tamb\u00e9m j\u00e1 participou do cl\u00e1ssico \u201cSai de Baixo\u201d e \u201cZorra Total\u201d.<\/p>\n<p>H\u00e1 alguns anos, ela foi diagnosticada com esclerose m\u00faltipla, uma doen\u00e7a neurol\u00f3gica que afeta os nervos cerebrais e a medula espinhal. A pessoa, ent\u00e3o, passa a ter dificuldades para se movimentar e perde massa cerebral, o que causa tamb\u00e9m perda de mem\u00f3ria.<\/p>\n<p>Esse foi o motivo do afastamento da atriz de sua profiss\u00e3o, j\u00e1 que passou a esquecer seus textos para as grava\u00e7\u00f5es.<\/p>\n<p>Mas, felizmente, h\u00e1 cerca de um pouco mais de um ano, Claudia realizou o transplante de c\u00e9lulas tronco. Com isso, o corpo consegue combater os efeitos da doen\u00e7a.<\/p>\n<p>Em reportagem especial do programa Domingo Espetacular, da Rede Record, ap\u00f3s o procedimento, a atriz passou do n\u00edvel seis para o cinco no \u00edndice de incapacidade.<\/p>\n<p><img decoding=\"async\" src=\"http:\/\/www.catolicanet.com.br\/images\/stories\/noticias2017\/largeclaudiarodrig.jpg\" border=\"0\" align=\"left\" \/>Esse \u00edndice mede a capacidade de movimenta\u00e7\u00e3o por conta pr\u00f3pria de uma pessoa que possui a doen\u00e7a. Quanto maior o n\u00famero, menor a independ\u00eancia. Assim, pessoas com o n\u00edvel cinco podem andar cerca de 200 metros sem ajuda.<\/p>\n<p>A empres\u00e1ria de Claudia, Adriane Bonato, explicou que a pior parte da esclerose \u00e9 a fadiga que a pessoa sente. Ela, mesmo querendo fazer as coisas, n\u00e3o consegue. O corpo n\u00e3o segue os comandos do c\u00e9rebro.<\/p>\n<p>Mas, a supera\u00e7\u00e3o da eterna Marinete supera qualquer coisa. Ap\u00f3s o transplante, agora ela tem \u00e2nimo, for\u00e7a e vontade de sobra. Para Adriane, ela mudou completamente. Consegue ir sozinha \u00e0 fisioterapia e faz os exerc\u00edcios sem que ningu\u00e9m precise cobrar.<\/p>\n<p>A segunda not\u00edcia boa \u00e9 que, mesmo em recupera\u00e7\u00e3o, Claudia vai lan\u00e7ar um canal de humor no YouTube.<\/p>\n<p>A atriz j\u00e1 deveria ter come\u00e7ado esse projeto, por\u00e9m foi adiado devido uma fratura que sofreu em um assalto, em Curitiba. Ela foi agredida por bandidos que quebraram sua f\u00edbula (osso da perna), atrasando ainda mais a recupera\u00e7\u00e3o.<\/p>\n<p><img decoding=\"async\" src=\"http:\/\/www.catolicanet.com.br\/images\/stories\/noticias2017\/largeclaudiaclerose3-min.jpg\" border=\"0\" align=\"right\" \/>Mesmo com esses contratempos, isso n\u00e3o a impediu de continuar e a atriz j\u00e1 est\u00e1 correndo atr\u00e1s do preju\u00edzo. T\u00e3o logo iremos ver seus personagens na internet! Apenas Marinete e Of\u00e9lia, do Zorra Total, n\u00e3o voltam ao canal, uma vez que os direitos deles s\u00e3o da Globo.<\/p>\n<p>A humorista deseja tamb\u00e9m voltar a trabalhar na TV e tem planos para uma s\u00e9rie na TV paga.<\/p>\n<p>N\u00f3s aqui ficamos torcendo pela recupera\u00e7\u00e3o r\u00e1pida de Claudia que tanto nos alegrou durante seus anos de trabalho na TV e palcos do Brasil. A fase mais dif\u00edcil de sua doen\u00e7a j\u00e1 passou, agora ela segue um caminho sem fim.<\/p>\n<p style=\"text-align: justify;\">\u00a0<\/p>\n<p style=\"text-align: justify;\">Fonte: Aleteia<\/p>\n","protected":false},"excerpt":{"rendered":"<p>\u00a0 Um exemplo incr\u00edvel de supera\u00e7\u00e3o Quem nunca se divertiu com a Marinete da s\u00e9rie \u201cA Diarista\u201d? Se lembra dela? A engra\u00e7ada personagem foi interpretada pela atriz Claudia Rodrigues, que tamb\u00e9m j\u00e1 participou do cl\u00e1ssico \u201cSai de Baixo\u201d e \u201cZorra Total\u201d. H\u00e1 alguns anos, ela foi diagnosticada com esclerose m\u00faltipla, uma doen\u00e7a neurol\u00f3gica que afeta [&hellip;]<\/p>\n","protected":false},"author":1,"featured_media":29306,"comment_status":"open","ping_status":"open","sticky":false,"template":"","format":"standard","meta":{"footnotes":""},"categories":[4],"tags":[],"class_list":["post-29307","post","type-post","status-publish","format-standard","has-post-thumbnail","hentry","category-cotidiano"],"_links":{"self":[{"href":"https:\/\/catolicanet.net\/wp-cnet\/wp-json\/wp\/v2\/posts\/29307","targetHints":{"allow":["GET"]}}],"collection":[{"href":"https:\/\/catolicanet.net\/wp-cnet\/wp-json\/wp\/v2\/posts"}],"about":[{"href":"https:\/\/catolicanet.net\/wp-cnet\/wp-json\/wp\/v2\/types\/post"}],"author":[{"embeddable":true,"href":"https:\/\/catolicanet.net\/wp-cnet\/wp-json\/wp\/v2\/users\/1"}],"replies":[{"embeddable":true,"href":"https:\/\/catolicanet.net\/wp-cnet\/wp-json\/wp\/v2\/comments?post=29307"}],"version-history":[{"count":1,"href":"https:\/\/catolicanet.net\/wp-cnet\/wp-json\/wp\/v2\/posts\/29307\/revisions"}],"predecessor-version":[{"id":31124,"href":"https:\/\/catolicanet.net\/wp-cnet\/wp-json\/wp\/v2\/posts\/29307\/revisions\/31124"}],"wp:featuredmedia":[{"embeddable":true,"href":"https:\/\/catolicanet.net\/wp-cnet\/wp-json\/wp\/v2\/media\/29306"}],"wp:attachment":[{"href":"https:\/\/catolicanet.net\/wp-cnet\/wp-json\/wp\/v2\/media?parent=29307"}],"wp:term":[{"taxonomy":"category","embeddable":true,"href":"https:\/\/catolicanet.net\/wp-cnet\/wp-json\/wp\/v2\/categories?post=29307"},{"taxonomy":"post_tag","embeddable":true,"href":"https:\/\/catolicanet.net\/wp-cnet\/wp-json\/wp\/v2\/tags?post=29307"}],"curies":[{"name":"wp","href":"https:\/\/api.w.org\/{rel}","templated":true}]}}