{"id":29301,"date":"2017-04-04T14:29:54","date_gmt":"2017-04-04T17:29:54","guid":{"rendered":"http:\/\/catolicanet.net\/wp-cnet\/2017\/04\/04\/familia-ligreja-catolica-fechada-vira-maquina-de-propagandar-alerta-bispo-de-setubal\/"},"modified":"2017-06-09T14:58:15","modified_gmt":"2017-06-09T17:58:15","slug":"familia-ligreja-catolica-fechada-vira-maquina-de-propagandar-alerta-bispo-de-setubal","status":"publish","type":"post","link":"https:\/\/catolicanet.net\/wp-cnet\/familia-ligreja-catolica-fechada-vira-maquina-de-propagandar-alerta-bispo-de-setubal\/","title":{"rendered":"Fam\u00edlia: \u00abIgreja Cat\u00f3lica fechada vira m\u00e1quina de propaganda\u00bb, alerta bispo de Set\u00fabal"},"content":{"rendered":"<p style=\"text-align: justify;\"><img decoding=\"async\" src=\"http:\/\/www.catolicanet.com.br\/images\/stories\/noticias2017\/djose_ornelas.jpg\" border=\"0\" align=\"left\" \/>D. Jos\u00e9 Ornelas proferiu no Santu\u00e1rio de Cristo Rei em Almada a sua 4.\u00aa catequese quaresmal<\/p>\n<p>Set\u00fabal, 03 abr 2017 (Ecclesia) \u2013 O bispo de Set\u00fabal sublinhou este domingo, no Santu\u00e1rio de Cristo Rei, a necessidade de uma Igreja Cat\u00f3lica de \u201cportas abertas\u201d e \u201cmission\u00e1ria\u201d, que todos acolhe e procura, sobretudo os que \u201candam sem meios nem perspectivas de vida\u201d.<\/p>\n<p>\u201cN\u00e3o queremos uma Igreja fechada, nem as nossas igrejas fechadas, de portas cerradas. Compete a n\u00f3s todos, particularmente \u00e0queles que t\u00eam papel de lideran\u00e7a e de coordena\u00e7\u00e3o, transmitir esta imagem da pr\u00f3pria comunidade, tanto portas adentro como na proje\u00e7\u00e3o para fora, no an\u00fancio do Evangelho\u201d, frisou D. Jos\u00e9 Ornelas.<\/p>\n<p>O respons\u00e1vel cat\u00f3lico deixou esta mensagem durante a sua 4.\u00aa catequese para o tempo da Quaresma, transmitida \u00e0s pessoas numa celebra\u00e7\u00e3o eucar\u00edstica no Santu\u00e1rio do Cristo-Rei, em Almada, e intitulada \u2018Um olhar sobre a fam\u00edlia\u2019.<\/p>\n<p>Em declara\u00e7\u00f5es \u00e0 Ag\u00eancia ECCLESIA, D. Jos\u00e9 Ornelas aprofundou esta tem\u00e1tica e frisou que \u201cse por um lado a fam\u00edlia deve aprender a ser Igreja, a Igreja deve aprender a ser fam\u00edlia\u201d.<\/p>\n<p>\u201cEla n\u00e3o pode ser simplesmente um supermercado religioso, tem de ser um espa\u00e7o onde as pessoas sejam acolhidas, as fam\u00edlias sejam acolhidas e contribuam elas pr\u00f3prias com o seu modo de estar e relacionar. Se n\u00e3o vira simplesmente uma m\u00e1quina de propaganda e n\u00e3o \u00e9 isso que n\u00f3s queremos da Igreja\u201d, sustentou o prelado.<\/p>\n<p>Ao longo dos domingos da Quaresma, o bispo de Set\u00fabal dedicou as suas catequeses ao tema da fam\u00edlia, enquanto \u201cber\u00e7o de um humanismo que n\u00e3o se reduz simplesmente \u00e1 transmiss\u00e3o de uma vida biol\u00f3gica\u201d, mas que deve ser tamb\u00e9m \u201cambiente de desenvolvimento e crescimento\u201d.<\/p>\n<p>Um espa\u00e7o de \u201ceduca\u00e7\u00e3o dos filhos\u201d, a n\u00edvel social e cultural mas tamb\u00e9m religioso, de \u201cviv\u00eancia\u201d crist\u00e3.<\/p>\n<p>\u201cAssim como nenhuma fam\u00edlia consciente hoje pode simplesmente delegar no Estado, nas institui\u00e7\u00f5es p\u00fablicas ou num col\u00e9gio a educa\u00e7\u00e3o acad\u00eamica dos seus filhos, tamb\u00e9m n\u00e3o pode delegar simplesmente na catequese paroquial a educa\u00e7\u00e3o religiosa\u201d, caso contr\u00e1rio \u201cem tudo o resto vai faltar um fundamento\u201d, apontou D. Jos\u00e9 Ornelas.<\/p>\n<p>Para o prelado, os obst\u00e1culos colocados atualmente diante das fam\u00edlias &#8211; sociais, econ\u00f4micos e at\u00e9 \u201clegislativos\u201c &#8211; constituem uma interpela\u00e7\u00e3o \u201cenorme\u201d \u00e0 capacidade da Igreja se \u201creinventar\u201d.<\/p>\n<p>\u201cN\u00e3o \u00e9 para nos constituirmos numa frente de luta, de resist\u00eancia. \u00c9 para encontrarmos, em busca com toda a sociedade, o como nos organizarmos perante as capacidades novas que temos mas tamb\u00e9m perante as dificuldades e os desafios que se colocam para gerir bem tudo isso que n\u00f3s sabemos fazer\u201d, concluiu o bispo de Set\u00fabal.<\/p>\n<p style=\"text-align: justify;\">\u00a0<\/p>\n<p style=\"text-align: justify;\">Fonte: Ag\u00eancia Ecclesia<\/p>\n","protected":false},"excerpt":{"rendered":"<p>D. Jos\u00e9 Ornelas proferiu no Santu\u00e1rio de Cristo Rei em Almada a sua 4.\u00aa catequese quaresmal Set\u00fabal, 03 abr 2017 (Ecclesia) \u2013 O bispo de Set\u00fabal sublinhou este domingo, no Santu\u00e1rio de Cristo Rei, a necessidade de uma Igreja Cat\u00f3lica de \u201cportas abertas\u201d e \u201cmission\u00e1ria\u201d, que todos acolhe e procura, sobretudo os que \u201candam sem [&hellip;]<\/p>\n","protected":false},"author":1,"featured_media":29300,"comment_status":"open","ping_status":"open","sticky":false,"template":"","format":"standard","meta":{"footnotes":""},"categories":[4],"tags":[],"class_list":["post-29301","post","type-post","status-publish","format-standard","has-post-thumbnail","hentry","category-cotidiano"],"_links":{"self":[{"href":"https:\/\/catolicanet.net\/wp-cnet\/wp-json\/wp\/v2\/posts\/29301","targetHints":{"allow":["GET"]}}],"collection":[{"href":"https:\/\/catolicanet.net\/wp-cnet\/wp-json\/wp\/v2\/posts"}],"about":[{"href":"https:\/\/catolicanet.net\/wp-cnet\/wp-json\/wp\/v2\/types\/post"}],"author":[{"embeddable":true,"href":"https:\/\/catolicanet.net\/wp-cnet\/wp-json\/wp\/v2\/users\/1"}],"replies":[{"embeddable":true,"href":"https:\/\/catolicanet.net\/wp-cnet\/wp-json\/wp\/v2\/comments?post=29301"}],"version-history":[{"count":1,"href":"https:\/\/catolicanet.net\/wp-cnet\/wp-json\/wp\/v2\/posts\/29301\/revisions"}],"predecessor-version":[{"id":31127,"href":"https:\/\/catolicanet.net\/wp-cnet\/wp-json\/wp\/v2\/posts\/29301\/revisions\/31127"}],"wp:featuredmedia":[{"embeddable":true,"href":"https:\/\/catolicanet.net\/wp-cnet\/wp-json\/wp\/v2\/media\/29300"}],"wp:attachment":[{"href":"https:\/\/catolicanet.net\/wp-cnet\/wp-json\/wp\/v2\/media?parent=29301"}],"wp:term":[{"taxonomy":"category","embeddable":true,"href":"https:\/\/catolicanet.net\/wp-cnet\/wp-json\/wp\/v2\/categories?post=29301"},{"taxonomy":"post_tag","embeddable":true,"href":"https:\/\/catolicanet.net\/wp-cnet\/wp-json\/wp\/v2\/tags?post=29301"}],"curies":[{"name":"wp","href":"https:\/\/api.w.org\/{rel}","templated":true}]}}