{"id":2930,"date":"2013-08-13T18:15:41","date_gmt":"2013-08-13T21:15:41","guid":{"rendered":"http:\/\/catolicanet.net\/wp-cnet\/bispo-pronuncia-se-sobre-desaparecimento-de-mais-de-20-pessoas-em-cidades-mexicanas\/"},"modified":"2017-03-22T16:18:45","modified_gmt":"2017-03-22T19:18:45","slug":"bispo-pronuncia-se-sobre-desaparecimento-de-mais-de-20-pessoas-em-cidades-mexicanas","status":"publish","type":"post","link":"https:\/\/catolicanet.net\/wp-cnet\/bispo-pronuncia-se-sobre-desaparecimento-de-mais-de-20-pessoas-em-cidades-mexicanas\/","title":{"rendered":"Bispo pronuncia-se sobre desaparecimento de mais de 20 pessoas em cidades mexicanas"},"content":{"rendered":"<p style=\"text-align: justify;\"><img decoding=\"async\" src=\"http:\/\/catolicanet.com.br\/images\/stories\/mexico.jpg\" border=\"0\" align=\"left\" \/>\u0093N\u00e3o interessa se os desaparecidos em Potrero Nuevo, Paso del Macho e C\u00f3rdoba s\u00e3o apenas uma ou mais pessoas, se s\u00e3o v\u00edtimas ou s\u00e3o relacionados a crimes. O que importa \u00e9 esclarecer onde est\u00e3o, as fam\u00edlias n\u00e3o podem viver nessa incerteza. O fato de estarem desaparecidos, por si s\u00f3, j\u00e1 \u00e9 preocupante\u0094, disse o Bispo da diocese de C\u00f3rdoba, no M\u00e9xico, Dom Eduardo Pati\u00f1o Leal.<\/p>\n<p>Em nota enviada \u00e0 Ag\u00eancia Fides pela imprensa local, o bispo falou no domingo, 11, e insistiu acerca de que cada um deve fazer seu pr\u00f3prio trabalho. As autoridades, os pais, os professores e os sacerdotes devem estar juntos para promover o valor da vida e n\u00e3o cair em uma esp\u00e9cie de indiferen\u00e7a, onde todos fingem que tudo \u00e9 normal. \u0093O que ocorre deve continuar tendo import\u00e2ncia para todos. Somos todos envolvidos\u0094, enfatizou.<\/p>\n<p>O bispo aproveitou a ocasi\u00e3o para enviar uma mensagem aos jovens pedindo para que sejam \u0093extremamente vigilantes\u0094, para tentarem evitar envolver-se com grupos criminais e n\u00e3o deixarem-se influenciar pela fantasia que o dinheiro pode ser ganho de maneira f\u00e1cil e sem consequ\u00eancias. Segundo a nota, j\u00e1 passou uma semana desde o desaparecimento de 19 pessoas em Potrero Nuevo, outras em Paso del Macho e ainda outras em C\u00f3rdoba. No entanto, at\u00e9 o momento, n\u00e3o h\u00e1 not\u00edcias de seus paradeiros.<\/p>\n<p><strong>Fonte: R\u00e1dio Vaticano<br \/>Local:<\/strong> C\u00f3rdoba<\/p>\n","protected":false},"excerpt":{"rendered":"<p>\u0093N\u00e3o interessa se os desaparecidos em Potrero Nuevo, Paso del Macho e C\u00f3rdoba s\u00e3o apenas uma ou mais pessoas, se s\u00e3o v\u00edtimas ou s\u00e3o relacionados a crimes. O que importa \u00e9 esclarecer onde est\u00e3o, as fam\u00edlias n\u00e3o podem viver nessa incerteza. O fato de estarem desaparecidos, por si s\u00f3, j\u00e1 \u00e9 preocupante\u0094, disse o Bispo [&hellip;]<\/p>\n","protected":false},"author":1,"featured_media":0,"comment_status":"closed","ping_status":"closed","sticky":false,"template":"","format":"standard","meta":{"footnotes":""},"categories":[4],"tags":[],"class_list":["post-2930","post","type-post","status-publish","format-standard","hentry","category-cotidiano"],"_links":{"self":[{"href":"https:\/\/catolicanet.net\/wp-cnet\/wp-json\/wp\/v2\/posts\/2930","targetHints":{"allow":["GET"]}}],"collection":[{"href":"https:\/\/catolicanet.net\/wp-cnet\/wp-json\/wp\/v2\/posts"}],"about":[{"href":"https:\/\/catolicanet.net\/wp-cnet\/wp-json\/wp\/v2\/types\/post"}],"author":[{"embeddable":true,"href":"https:\/\/catolicanet.net\/wp-cnet\/wp-json\/wp\/v2\/users\/1"}],"replies":[{"embeddable":true,"href":"https:\/\/catolicanet.net\/wp-cnet\/wp-json\/wp\/v2\/comments?post=2930"}],"version-history":[{"count":1,"href":"https:\/\/catolicanet.net\/wp-cnet\/wp-json\/wp\/v2\/posts\/2930\/revisions"}],"predecessor-version":[{"id":7422,"href":"https:\/\/catolicanet.net\/wp-cnet\/wp-json\/wp\/v2\/posts\/2930\/revisions\/7422"}],"wp:attachment":[{"href":"https:\/\/catolicanet.net\/wp-cnet\/wp-json\/wp\/v2\/media?parent=2930"}],"wp:term":[{"taxonomy":"category","embeddable":true,"href":"https:\/\/catolicanet.net\/wp-cnet\/wp-json\/wp\/v2\/categories?post=2930"},{"taxonomy":"post_tag","embeddable":true,"href":"https:\/\/catolicanet.net\/wp-cnet\/wp-json\/wp\/v2\/tags?post=2930"}],"curies":[{"name":"wp","href":"https:\/\/api.w.org\/{rel}","templated":true}]}}