{"id":2929,"date":"2023-08-12T00:00:00","date_gmt":"2023-08-12T03:00:00","guid":{"rendered":"http:\/\/catolicanet.net\/wp-cnet\/joao-leao-gustavo-dehon-santo-inocencio-xi\/"},"modified":"2023-01-02T17:09:52","modified_gmt":"2023-01-02T20:09:52","slug":"joao-leao-gustavo-dehon-santo-inocencio-xi","status":"publish","type":"post","link":"https:\/\/catolicanet.net\/wp-cnet\/joao-leao-gustavo-dehon-santo-inocencio-xi\/","title":{"rendered":"Jo\u00e3o Le\u00e3o Gustavo Dehon \/  Santo Inoc\u00eancio XI"},"content":{"rendered":"<p style=\"text-align: justify;\">\u00a0<strong>Jo\u00e3o Le\u00e3o Gustavo Dehon<\/strong><\/p>\n<p>Jo\u00e3o Le\u00e3o Gustavo Dehon nasceu no dia 14 de mar\u00e7o de 1843, no pequeno povoado de La Capelle, em Soissons, na Fran\u00e7a. A sua m\u00e3e, Estef\u00e2nia Adele Vandelet era um exemplo de f\u00e9; mas o seu pai, J\u00falio Alexandre Dehon era indiferente e at\u00e9 mesmo anticlerical.<\/p>\n<p>Ainda crian\u00e7a manifestou grande sensibilidade espiritual. Aos treze anos, durante um retiro, sentiu o chamado para o sacerd\u00f3cio e iniciou uma longa luta com o seu pai, que n\u00e3o pretendia ter um filho padre. Em 1859, foi para a Universidade de Sorbone em Paris, onde recebeu o diploma de advogado. Em 1865, aceitou a longa viagem que seu pai lhe proporcionou, com a clara inten\u00e7\u00e3o de que n\u00e3o seguisse a carreira sacerdotal. Foi um roteiro fascinante, come\u00e7ando pela Su\u00ed\u00e7a, It\u00e1lia, Gr\u00e9cia, Egito e finalizando na Palestina. No regresso passou pela S\u00edria, Constantinopla, Budapeste e Viena. Mas ao inv\u00e9s de ir para casa, foi para Roma, onde conseguiu uma audi\u00eancia com o Papa Pio IX que o aconselhou a fazer os estudos eclesi\u00e1sticos ali mesmo, na cidade eterna. Assim, entrou para o Semin\u00e1rio de Santa Clara, mesmo contra a vontade paterna, uma vez que era Deus que o queria padre.<\/p>\n<p>O dia 19 de dezembro de 1868 foi o mais desejado e feliz da vida de Dehon. Mais desejado, porque recebeu sua ordena\u00e7\u00e3o sacerdotal. Feliz, porque seu pai, convertido sinceramente, recebeu a Santa Eucaristia das suas m\u00e3os, quando celebrava a sua primeira Missa. Apesar de ter conclu\u00eddo muitos cursos e doutorados, padre Dehon foi designado para ser um simples vig\u00e1rio da pobre e problem\u00e1tica par\u00f3quia de S\u00e3o Quintino, da diocese de Soissons.<\/p>\n<p>Ele assumiu a miss\u00e3o com todo ardor e entusiasmo. Mas o sacerdote tinha algo que o inquietava. Sentia um forte desejo de ingressar numa congrega\u00e7\u00e3o religiosa. Como n\u00e3o encontrou uma que atendesse seus anseios por justi\u00e7a social associada \u00e0s miss\u00f5es, decidiu e fundou a Congrega\u00e7\u00e3o dos Sacerdotes do Cora\u00e7\u00e3o de Jesus em 1878. Entretanto, surgiu a grande prova\u00e7\u00e3o. O governo ma\u00e7\u00f4nico da Fran\u00e7a decretou a expuls\u00e3o das congrega\u00e7\u00f5es religiosas. Padre Dehon ent\u00e3o para proteger seus sacerdotes, no caso de expuls\u00e3o, adquiriu uma casa na Holanda, pois, assim teriam onde se refugiar. Mas a situa\u00e7\u00e3o ficou t\u00e3o complicada e confusa, que foi o pr\u00f3prio Vaticano que suprimiu a congrega\u00e7\u00e3o. Quem o socorreu foi seu Bispo, que o conhecia muito bem.<\/p>\n<p>Em 1884, o Papa decretou a reabertura da congrega\u00e7\u00e3o. Desde ent\u00e3o, ele trabalhou para consolida-la fundando novas casas por toda a Europa. Depois, a congrega\u00e7\u00e3o tamb\u00e9m se estabeleceu nas Am\u00e9ricas, na \u00c1frica e na \u00c1sia. E padre Dehon, sempre movido pelo objetivo de difundir o pensamento de justi\u00e7a social da Igreja, proferiu muitas confer\u00eancias, escreveu artigos em jornais e revistas e publicou v\u00e1rios livros.<\/p>\n<p>No dia 12 de agosto de 1925 morreu em Bruxelas, na B\u00e9lgica deixando uma obra not\u00e1vel e duradoura como ap\u00f3stolo social e principalmente como ap\u00f3stolo do Cora\u00e7\u00e3o de Jesus. Ele experimentou o amor de Deus ao contemplar o Cora\u00e7\u00e3o de Jesus transpassado na cruz, o testemunhou durante a sua vida terrena e o imprimiu como carisma de sua congrega\u00e7\u00e3o. No momento extremo Padre Leon Dehon ainda afirmou, apontando para a imagem do Sagrado Cora\u00e7\u00e3o: &#8220;Para Ele vivi, para Ele morro&#8221;.<\/p>\n<p>Atualmente, os religiosos &#8220;dehonianos&#8221; fazem o mesmo, evangelizando e trabalhando pela justi\u00e7a social em par\u00f3quias, col\u00e9gios, faculdades, orfanatos, creches, comunidades de recupera\u00e7\u00e3o de drogados, miss\u00f5es, shows musicais e meios de comunica\u00e7\u00e3o social, nos quatro cantos do mundo. O corpo do vener\u00e1vel fundador est\u00e1 sepultado na Igreja de S\u00e3o Martinho, em S\u00e3o Quintino, na Fran\u00e7a.<\/p>\n<p style=\"text-align: justify;\">Jo\u00e3o Le\u00e3o Gustavo Dehon, rogai por n\u00f3s!<\/p>\n<p style=\"text-align: justify;\">_____________________________________________________________________<\/p>\n<p><strong>Santo Inoc\u00eancio XI<\/strong><\/p>\n<p><img loading=\"lazy\" decoding=\"async\" class=\"alignleft\" src=\"https:\/\/upload.wikimedia.org\/wikipedia\/commons\/b\/bb\/Inocencius_XI.jpg\" alt=\"Resultado de imagem para Santo Inoc\u00eancio XI\" width=\"212\" height=\"275\" \/>Beato Odescalchi nasceu em Como (norte da It\u00e1lia) em 16-5-1611, de fam\u00edlia nobre. Fez os estudos prim\u00e1rios ou elementares em Como com Jesu\u00edtas, passando depois a G\u00eanova, Roma e N\u00e1poles. Era formado em direito civil e econ\u00f4mico. Pouco depois entrou na carreira eclesi\u00e1tica, recebendo apenas a tonsura. Inoc\u00eancio X, que muito o estimava pelas suas virtudes, o fez cardeal legado apost\u00f3lico em Ferrara (administrador civel da regi\u00e3o). Em 1650 foi nomeado bispo de Novara, quando recebeu a ordena\u00e7\u00e3o sacerdotal e a sagra\u00e7\u00e3o epsicopal.<\/p>\n<p>Como bispo foi muito zeloso, procurando imitar em todos S.Carlos Borromeu, cujas constitui\u00e7\u00f5es sinodais seguir \u00e0 risca. Depois foi chamado e retido em Roma pelos papas, por isso pediu ren\u00fancia da sua diocese, que n\u00e3o foi aceita. No conclave de 1676 n\u00e3o p\u00f4de se eximir de aceitar o peso do sumo pontificado, assumindo o nome de Inoc\u00eancio XI, em homenagem ao seu benfeitor Inoc\u00eancio X. Foi papa de 21-9-1676 at\u00e9 a data da sua morte em 12-8-1686. Est\u00e1 sepultado no Vaticano, na de S. Pedro.<\/p>\n<p>O operoso pontificado de Inoc\u00eancio XI decorreu num per\u00edodo convulso. Expreendeu uma poderosa atividade diplom\u00e1ica e de reforma postal. Piedos\u00edssimo, detestou toda forma de negativismo. Vivia com seus bens pr\u00f3prios, e n\u00e3o \u00e0 custa da Igreja. Era chamado de pai dos pobres, fama que j\u00e1 tinha desde dos tempos de sua administra\u00e7\u00e3o civil em Ferrara. Mas foi muito firme em rela\u00e7\u00e3o ao rei da Fran\u00e7a. Lu\u00eds XIV, a quem se p\u00f4s tenazmente na quest\u00e3o das regalias das embaixadas. Exatamente por isso, por pol\u00edtica, para n\u00e3o desagradar aos reis absolutos e n\u00e3o humilhar a Fran\u00e7a, o seu processo de beatifica\u00e7\u00e3o esteve paralisado por quase dois s\u00e9culos. Apenas em 1956, passandas os raz\u00f5es &#8220;pol\u00edticas&#8221;, pode ser canonizado por Pio XII.<\/p>\n<p style=\"text-align: justify;\">Santo Inoc\u00eancio XI, rogai por n\u00f3s!<\/p>\n","protected":false},"excerpt":{"rendered":"<p>\u00a0Jo\u00e3o Le\u00e3o Gustavo Dehon Jo\u00e3o Le\u00e3o Gustavo Dehon nasceu no dia 14 de mar\u00e7o de 1843, no pequeno povoado de La Capelle, em Soissons, na Fran\u00e7a. A sua m\u00e3e, Estef\u00e2nia Adele Vandelet era um exemplo de f\u00e9; mas o seu pai, J\u00falio Alexandre Dehon era indiferente e at\u00e9 mesmo anticlerical. Ainda crian\u00e7a manifestou grande sensibilidade [&hellip;]<\/p>\n","protected":false},"author":1,"featured_media":22699,"comment_status":"closed","ping_status":"closed","sticky":false,"template":"","format":"standard","meta":{"footnotes":""},"categories":[32],"tags":[],"class_list":["post-2929","post","type-post","status-publish","format-standard","has-post-thumbnail","hentry","category-santo-do-dia"],"_links":{"self":[{"href":"https:\/\/catolicanet.net\/wp-cnet\/wp-json\/wp\/v2\/posts\/2929","targetHints":{"allow":["GET"]}}],"collection":[{"href":"https:\/\/catolicanet.net\/wp-cnet\/wp-json\/wp\/v2\/posts"}],"about":[{"href":"https:\/\/catolicanet.net\/wp-cnet\/wp-json\/wp\/v2\/types\/post"}],"author":[{"embeddable":true,"href":"https:\/\/catolicanet.net\/wp-cnet\/wp-json\/wp\/v2\/users\/1"}],"replies":[{"embeddable":true,"href":"https:\/\/catolicanet.net\/wp-cnet\/wp-json\/wp\/v2\/comments?post=2929"}],"version-history":[{"count":3,"href":"https:\/\/catolicanet.net\/wp-cnet\/wp-json\/wp\/v2\/posts\/2929\/revisions"}],"predecessor-version":[{"id":22700,"href":"https:\/\/catolicanet.net\/wp-cnet\/wp-json\/wp\/v2\/posts\/2929\/revisions\/22700"}],"wp:featuredmedia":[{"embeddable":true,"href":"https:\/\/catolicanet.net\/wp-cnet\/wp-json\/wp\/v2\/media\/22699"}],"wp:attachment":[{"href":"https:\/\/catolicanet.net\/wp-cnet\/wp-json\/wp\/v2\/media?parent=2929"}],"wp:term":[{"taxonomy":"category","embeddable":true,"href":"https:\/\/catolicanet.net\/wp-cnet\/wp-json\/wp\/v2\/categories?post=2929"},{"taxonomy":"post_tag","embeddable":true,"href":"https:\/\/catolicanet.net\/wp-cnet\/wp-json\/wp\/v2\/tags?post=2929"}],"curies":[{"name":"wp","href":"https:\/\/api.w.org\/{rel}","templated":true}]}}