{"id":29281,"date":"2017-04-04T11:43:38","date_gmt":"2017-04-04T14:43:38","guid":{"rendered":"http:\/\/catolicanet.net\/wp-cnet\/2017\/04\/04\/selo-da-fe-e-da-esperanca\/"},"modified":"2017-06-09T15:30:16","modified_gmt":"2017-06-09T18:30:16","slug":"selo-da-fe-e-da-esperanca","status":"publish","type":"post","link":"https:\/\/catolicanet.net\/wp-cnet\/selo-da-fe-e-da-esperanca\/","title":{"rendered":"Selo da f\u00e9 e da esperan\u00e7a"},"content":{"rendered":"<p style=\"text-align: justify;\">Na ora\u00e7\u00e3o pelo planeta Terra, no final da Enc\u00edclica Laudato Si\u2019, vemos o Santo Padre totalmente envolvido com o cuidado da casa comum na busca de bons resultados, no sonho do mundo restaurado: \u201cEnsinai-nos a descobrir o valor de cada coisa, a contemplar com encanto, a reconhecer que estamos profundamente unidos com todas as criaturas no nosso caminho para a vossa luz infinita. Obrigado, porque estais conosco todos os dias. Sustentai-nos, por favor, na nossa luta por justi\u00e7a, amor e paz\u201d.<br \/>Convencidos da for\u00e7a do Esp\u00edrito Santo de Deus a mover a hist\u00f3ria da humanidade, \u00e9 que vemos o Servo de Deus, Dom Helder C\u00e2mara, apaixonado por Deus e por suas criaturas.\u00a0 Como soube perceber e com enorme clareza, o car\u00e1ter universal da salva\u00e7\u00e3o, no conjunto de toda a cria\u00e7\u00e3o, indo ao encontro da humanidade, na busca da renova\u00e7\u00e3o ou do rejuvenescimento, ao &#8220;aggiornamento&#8221; do Papa Jo\u00e3o XXII, a partir da pessoa do Filho de Deus, fazendo compreender o quanto ela &#8211; a cria\u00e7\u00e3o &#8211; \u00e9 sagrada. Deixou-nos o legado que, de acordo com o projeto de Deus, a humanidade e, sobretudo, os empobrecidos jamais podem renunciar seu inalien\u00e1vel direito, o de viver na dignidade de filhos de Deus, alimentando-se da utopia e do sonho da esperan\u00e7a.<br \/>Ensinou-nos tamb\u00e9m que Nosso Senhor Jesus Cristo, o Filho encarnado do Pai, n\u00e3o \u00e9 um mito ou uma f\u00e1bula, e sim Senhor da vida e da hist\u00f3ria a iluminar os passos da humanidade. Em Dom Helder, nosso Servo de Deus, as pessoas encontram raz\u00f5es e motiva\u00e7\u00f5es para viver. Somos convidados a render gra\u00e7as ao bom Deus pela vida do Pastor dos Empobrecidos, o dom maior que a Igreja do Brasil j\u00e1 produziu e, ao mesmo tempo, acolh\u00ea-lo como um tesouro ou p\u00e9rola preciosa, pela sua entrega e obedi\u00eancia em viver de acordo com a proposta de Jesus Cristo: a do reino de Deus.<br \/>Como \u00e9 enriquecedor olhar para a convic\u00e7\u00e3o vocacional de Dom Helder, para o brilho de sua sabedoria, com rar\u00edssimas qualidades: intelig\u00eancia, criatividade, perspic\u00e1cia, esp\u00edrito de lideran\u00e7a e, ao mesmo tempo, um incontest\u00e1vel amor por todas as pessoas do planeta, marcadas pela dor e sofrimento de toda natureza. Conscientes do mist\u00e9rio da infinita miseric\u00f3rdia divina, busquemos o desejo insaci\u00e1vel de sempre mais viver de acordo com o Livro Sagrado, especialmente no Novo Testamento, a partir da pessoa de Jesus de Nazar\u00e9, quando o carregamos conosco no mais \u00edntimo do \u00edntimo.<br \/>Como \u00e9 maravilhoso pensar na bondade infinita de Deus, dentro do contexto da confian\u00e7a, da prote\u00e7\u00e3o e da b\u00ean\u00e7\u00e3o de Deus, indicativo do caminho celestial, quando do encontro da criatura humana com o Criador e Pai! Guardemos o exemplo do Papa Francisco, de Dom Helder C\u00e2mara e de tantas outras pessoas marcadas pelo selo da f\u00e9 e da esperan\u00e7a, confiantes nas palavras de Jesus: &#8220;Eu sou a ressurrei\u00e7\u00e3o e a vida&#8221;. E, na certeza de que ap\u00f3s nosso bom combate aqui na terra, descansaremos no mist\u00e9rio da miseric\u00f3rdia. Assim seja!<\/p>\n","protected":false},"excerpt":{"rendered":"<p>Na ora\u00e7\u00e3o pelo planeta Terra, no final da Enc\u00edclica Laudato Si\u2019, vemos o Santo Padre totalmente envolvido com o cuidado da casa comum na busca de bons resultados, no sonho do mundo restaurado: \u201cEnsinai-nos a descobrir o valor de cada coisa, a contemplar com encanto, a reconhecer que estamos profundamente unidos com todas as criaturas [&hellip;]<\/p>\n","protected":false},"author":6,"featured_media":0,"comment_status":"open","ping_status":"open","sticky":false,"template":"","format":"standard","meta":{"footnotes":""},"categories":[9],"tags":[],"class_list":["post-29281","post","type-post","status-publish","format-standard","hentry","category-artigos"],"_links":{"self":[{"href":"https:\/\/catolicanet.net\/wp-cnet\/wp-json\/wp\/v2\/posts\/29281","targetHints":{"allow":["GET"]}}],"collection":[{"href":"https:\/\/catolicanet.net\/wp-cnet\/wp-json\/wp\/v2\/posts"}],"about":[{"href":"https:\/\/catolicanet.net\/wp-cnet\/wp-json\/wp\/v2\/types\/post"}],"author":[{"embeddable":true,"href":"https:\/\/catolicanet.net\/wp-cnet\/wp-json\/wp\/v2\/users\/6"}],"replies":[{"embeddable":true,"href":"https:\/\/catolicanet.net\/wp-cnet\/wp-json\/wp\/v2\/comments?post=29281"}],"version-history":[{"count":1,"href":"https:\/\/catolicanet.net\/wp-cnet\/wp-json\/wp\/v2\/posts\/29281\/revisions"}],"predecessor-version":[{"id":31137,"href":"https:\/\/catolicanet.net\/wp-cnet\/wp-json\/wp\/v2\/posts\/29281\/revisions\/31137"}],"wp:attachment":[{"href":"https:\/\/catolicanet.net\/wp-cnet\/wp-json\/wp\/v2\/media?parent=29281"}],"wp:term":[{"taxonomy":"category","embeddable":true,"href":"https:\/\/catolicanet.net\/wp-cnet\/wp-json\/wp\/v2\/categories?post=29281"},{"taxonomy":"post_tag","embeddable":true,"href":"https:\/\/catolicanet.net\/wp-cnet\/wp-json\/wp\/v2\/tags?post=29281"}],"curies":[{"name":"wp","href":"https:\/\/api.w.org\/{rel}","templated":true}]}}