{"id":2928,"date":"2013-08-12T18:44:39","date_gmt":"2013-08-12T21:44:39","guid":{"rendered":"http:\/\/catolicanet.net\/wp-cnet\/cd-cidade-da-fe\/"},"modified":"2017-03-22T16:19:13","modified_gmt":"2017-03-22T19:19:13","slug":"cd-cidade-da-fe","status":"publish","type":"post","link":"https:\/\/catolicanet.net\/wp-cnet\/cd-cidade-da-fe\/","title":{"rendered":"CD Cidade da F\u00e9"},"content":{"rendered":"<p style=\"text-align: justify;\"><img decoding=\"async\" src=\"http:\/\/catolicanet.com.br\/images\/stories\/capadocdcidadedafe.jpg\" border=\"0\" align=\"left\" \/>Letras e melodias que nasceram da experi\u00eancia de f\u00e9 de centenas de compositores e todo o Brasil. Can\u00e7\u00f5es feitas por jovens brasileiros para a juventude de todo o mundo, reunida em ora\u00e7\u00e3o. Esse \u00e9 o clima de Cidade da F\u00e9, terceiro \u00e1lbum do projeto Bote F\u00e9, novo lan\u00e7amento da gravadora CODIMUC, em parceria com o Setor Juventude da CNBB.<\/p>\n<p>Com arranjos e produ\u00e7\u00e3o musical de Alexandre Pivato o Boyna, Carlos Henrique e Nei Lacerda, o disco conta com 13 faixas selecionadas a partir da Plataforma CD3, criada pela CODIMUC para esse projeto. Foram inscritas mais 500 m\u00fasicas.<\/p>\n<p>Expressando a pluralidade de movimentos e carismas da Igreja, o CD tem como uma das caracter\u00edsticas a diversidade de estilos, O \u00e1lbum re\u00fane novos int\u00e9rpretes, selecionados na Plataforma CD3, e grandes nomes da m\u00fasica cat\u00f3lica, como The Flanders, Anjos de Resgate, Dorninus, Cosme, Tony Alysson, Beatrix, lahweh, Netinho Cruz, Expresso HG, Suely Fa\u00e7anha, entre outros.<\/p>\n<p>Entre os destaques, est\u00e3o o rapcore Deus \u00e9 Muito Mais, interpretado pelo grupo Novo Sentido e o cantor Tiago Aguiar, e o forr\u00f3 vaner\u00e3o Baldo da Juventude, com a banda ga\u00facha Est\u00e2ncia Divina e o cantor Batista Lima. Outros destaques s\u00e3o o samba De Bra\u00e7os Abertos, nas vozes dos Cantores de Deus, e o ax\u00e9 Juventude Santa, gravado pelo cantor Cosme e a banda Dominus.<\/p>\n<p>A faixa Que Todos sejam Um abre o CD, com a participa\u00e7\u00e3o dos cantores do projeto Louvor Ac\u00fastico. Finalizando o \u00e1lbum, uma nova vers\u00e3o do sucesso Um S\u00f3 Cora\u00e7\u00e3o (Dalvimar Gaito \/ Marcos Pavan), can\u00e7\u00e3o tema do anivers\u00e1rio de 15 anos da CODIMUC, em 2005.<\/p>\n<p>O CD Cidade da F\u00e9 j\u00e1 est\u00e1 dispon\u00edvel nas melhores lojas do Brasil e tamb\u00e9m na internet, no site www.mundosanto.com.br.<\/p>\n<p><strong>Fonte: CODIMUC<br \/>Local:<\/strong> S\u00e3o Paulo (SP)<\/p>\n","protected":false},"excerpt":{"rendered":"<p>Letras e melodias que nasceram da experi\u00eancia de f\u00e9 de centenas de compositores e todo o Brasil. Can\u00e7\u00f5es feitas por jovens brasileiros para a juventude de todo o mundo, reunida em ora\u00e7\u00e3o. Esse \u00e9 o clima de Cidade da F\u00e9, terceiro \u00e1lbum do projeto Bote F\u00e9, novo lan\u00e7amento da gravadora CODIMUC, em parceria com o [&hellip;]<\/p>\n","protected":false},"author":1,"featured_media":0,"comment_status":"closed","ping_status":"closed","sticky":false,"template":"","format":"standard","meta":{"footnotes":""},"categories":[4],"tags":[],"class_list":["post-2928","post","type-post","status-publish","format-standard","hentry","category-cotidiano"],"_links":{"self":[{"href":"https:\/\/catolicanet.net\/wp-cnet\/wp-json\/wp\/v2\/posts\/2928","targetHints":{"allow":["GET"]}}],"collection":[{"href":"https:\/\/catolicanet.net\/wp-cnet\/wp-json\/wp\/v2\/posts"}],"about":[{"href":"https:\/\/catolicanet.net\/wp-cnet\/wp-json\/wp\/v2\/types\/post"}],"author":[{"embeddable":true,"href":"https:\/\/catolicanet.net\/wp-cnet\/wp-json\/wp\/v2\/users\/1"}],"replies":[{"embeddable":true,"href":"https:\/\/catolicanet.net\/wp-cnet\/wp-json\/wp\/v2\/comments?post=2928"}],"version-history":[{"count":1,"href":"https:\/\/catolicanet.net\/wp-cnet\/wp-json\/wp\/v2\/posts\/2928\/revisions"}],"predecessor-version":[{"id":7423,"href":"https:\/\/catolicanet.net\/wp-cnet\/wp-json\/wp\/v2\/posts\/2928\/revisions\/7423"}],"wp:attachment":[{"href":"https:\/\/catolicanet.net\/wp-cnet\/wp-json\/wp\/v2\/media?parent=2928"}],"wp:term":[{"taxonomy":"category","embeddable":true,"href":"https:\/\/catolicanet.net\/wp-cnet\/wp-json\/wp\/v2\/categories?post=2928"},{"taxonomy":"post_tag","embeddable":true,"href":"https:\/\/catolicanet.net\/wp-cnet\/wp-json\/wp\/v2\/tags?post=2928"}],"curies":[{"name":"wp","href":"https:\/\/api.w.org\/{rel}","templated":true}]}}