{"id":29272,"date":"2017-04-03T16:41:19","date_gmt":"2017-04-03T19:41:19","guid":{"rendered":"http:\/\/catolicanet.net\/wp-cnet\/2017\/04\/03\/dom-antonio-keller-quem-pratica-aborto-ou-promove-mesmo-politicos-comete-pecado-grave\/"},"modified":"2017-06-09T15:20:37","modified_gmt":"2017-06-09T18:20:37","slug":"dom-antonio-keller-quem-pratica-aborto-ou-promove-mesmo-politicos-comete-pecado-grave","status":"publish","type":"post","link":"https:\/\/catolicanet.net\/wp-cnet\/dom-antonio-keller-quem-pratica-aborto-ou-promove-mesmo-politicos-comete-pecado-grave\/","title":{"rendered":"Dom Antonio Keller: quem pratica aborto ou promove, mesmo pol\u00edticos, comete pecado grave"},"content":{"rendered":"<p style=\"text-align: justify;\"><img decoding=\"async\" src=\"http:\/\/www.catolicanet.com.br\/images\/stories\/noticias2017\/dom_antonio_keller.jpg\" border=\"0\" align=\"left\" \/>REDA\u00c7\u00c3O CENTRAL, 03 Abr. 17 \/ 12:00 pm (ACI).- O aborto \u00e9 o homic\u00eddio volunt\u00e1rio de um inocente e quem pratica, promove ou colabora com tal pr\u00e1tica incorre em pecado grave, refor\u00e7ou o Bispo de Frederico Westphalen, Dom Antonio Carlos Rossi Keller, em uma nota pastoral sobre a quest\u00e3o do aborto, publicada no site da Diocese.<\/p>\n<p>\u201cFrente a novas tentativas da implanta\u00e7\u00e3o de leis que, de certa forma, tornam mais flex\u00edveis e ampliadas as possibilidades da realiza\u00e7\u00e3o de abortos em nosso pa\u00eds, como bispo desta Diocese n\u00e3o posso calar-me\u201d, afirmou o Prelado.<\/p>\n<p>No in\u00edcio de mar\u00e7o, o PSOL e o Instituto Anis protocolaram no Supremo Tribunal Federal (STF) uma Argui\u00e7\u00e3o de Descumprimento de Preceito Fundamental (ADPF), solicitando a descriminaliza\u00e7\u00e3o do aborto at\u00e9 a 12\u00aa semana de gesta\u00e7\u00e3o. Na a\u00e7\u00e3o, o partido pede ainda a concess\u00e3o de liminar para que, enquanto a ADPF n\u00e3o seja julgada, o aborto at\u00e9 os 3 meses de gravidez j\u00e1 seja liberado.<\/p>\n<p>A a\u00e7\u00e3o est\u00e1 sob a relatoria da ministra Rosa Weber, a qual, em novembro de 2016, se manifestou favor\u00e1vel a descriminaliza\u00e7\u00e3o do aborto at\u00e9 os tr\u00eas meses de gesta\u00e7\u00e3o, durante o julgamento de um habeas corpus na Primeira Turma do STF.<\/p>\n<p>Outra a\u00e7\u00e3o no Supremo que diz respeito \u00e0 quest\u00e3o do aborto \u00e9 a que pede a descriminaliza\u00e7\u00e3o da pr\u00e1tica em caso de infec\u00e7\u00e3o da gestante pelo v\u00edrus Zika, apresentando como argumento a possibilidade de malforma\u00e7\u00e3o do feto.<\/p>\n<p>Por outro lado, na C\u00e2mara dos Deputados, h\u00e1 o Projeto de Lei 7371\/2014, que trata do combate \u00e0 viol\u00eancia contra a mulher e fala da cria\u00e7\u00e3o de um fundo para comprar equipamentos e custear treinamento com esta finalidade.\u00a0 Por\u00e9m, segundo denunciam grupos pr\u00f3-vida, esta iniciativa possibilitar\u00e1 o aporte de verbas de organiza\u00e7\u00f5es internacionais para que sejam feitos abortos no Brasil.<\/p>\n<p>Diante dessa realidade no Brasil, Dom Keller considera que \u201c\u00e9 preciso dizer as coisas com clareza: o aborto nada mais \u00e9 do que o homic\u00eddio volunt\u00e1rio de um inocente. E quem nele participa incorre na excomunh\u00e3o latae sententiae, que significa que a pr\u00f3pria pessoa se coloca em um estado de separa\u00e7\u00e3o grave da comunh\u00e3o eclesial, ainda que seja necess\u00e1rio avaliar o grau individual de responsabilidade\u201d.<\/p>\n<p>O Prelado assinala ainda que \u201cpara todos, inclusive para os pol\u00edticos que apoiam e sustentam t\u00e3o in\u00edqua desobedi\u00eancia \u00e0 Lei de Deus, votando favoravelmente leis que ampliam permissividades em rela\u00e7\u00e3o \u00e0 realiza\u00e7\u00e3o do aborto, tamb\u00e9m se aplicam as graves palavras do Ap\u00f3stolo S\u00e3o Paulo na 1\u00aa Carta aos Cor\u00edntios: \u2018Aquele que come o p\u00e3o ou bebe o c\u00e1lice do Senhor indignamente&#8230; come e bebe a sua condena\u00e7\u00e3o\u2019 (1\u00ba Cor\u00edntios 11,27.29)\u201d.<\/p>\n<p>Em sua nota pastoral, o Bispo de Frederico Westphalen recorda \u201co ju\u00edzo da Igreja Cat\u00f3lica em rela\u00e7\u00e3o ao aborto querido, buscado e realizado n\u00e3o foi modificado\u201d. Ele cita a Enc\u00edclica Humanae Vitae, na qual o Beato Paulo VI afirma: \u201cEm conformidade com estes pontos essenciais da vis\u00e3o humana e crist\u00e3 do matrim\u00f4nio, devemos, uma vez mais, declarar que \u00e9 absolutamente de excluir, como via leg\u00edtima para a regula\u00e7\u00e3o dos nascimentos, a interrup\u00e7\u00e3o direta do processo generativo j\u00e1 iniciado, e, sobretudo, o aborto querido diretamente e procurado, mesmo por raz\u00f5es terap\u00eauticas\u201d.<\/p>\n<p>Refere-se tamb\u00e9m \u00e0 Carta Apost\u00f3lica \u201cMisericordia et Misera\u201d, na qual o Papa Francisco manteve a sua orienta\u00e7\u00e3o para o Jubileu da Miseric\u00f3rdia de conceder a todos os sacerdotes \u201ca faculdade de absolver a todas as pessoas que incorreram no pecado do aborto\u201d, mas afirma: \u201cQuero reiterar com todas as minhas for\u00e7as que o aborto \u00e9 um grave pecado, porque p\u00f5e fim a uma vida inocente\u201d.<\/p>\n<p>Entretanto, Dom Keller alerta que \u201co assim chamado \u201cdelito abomin\u00e1vel\u201d (Gaudium et spes, n.51) assume hoje, na cultura do in\u00edcio do s\u00e9culo XXI uma perda da consci\u00eancia de sua gravidade\u201d.<\/p>\n<p>\u201cA aceita\u00e7\u00e3o do aborto na mentalidade, nos costumes e principalmente, na legisla\u00e7\u00e3o permissiva \u00e9 um sinal eloquente de uma grave crise de sentido moral, que faz dos nossos tempos um per\u00edodo obscuro da hist\u00f3ria humana, onde predomina a incapacidade de distinguir entre o bem e o mal, mesmo quando o que est\u00e1 em jogo \u00e9 o direito fundamental e elementar da vida, da exist\u00eancia\u201d, acrescenta.<\/p>\n<p>Diante disso, o Prelado lembra que \u201cos interventos do Magist\u00e9rio da Igreja\u201d \u201cv\u00e3o sempre na linha da reafirma\u00e7\u00e3o do mal objetivo do aborto, bem como da gravidade do pecado para quem o comete, para quem auxilia na sua realiza\u00e7\u00e3o e para quem com ele coopera\u201d.<\/p>\n<p>\u201cTal posicionamento severo do Magist\u00e9rio da Igreja, em rela\u00e7\u00e3o ao aborto, n\u00e3o \u00e9 uma contradi\u00e7\u00e3o \u00e0 sua prega\u00e7\u00e3o de miseric\u00f3rdia e perd\u00e3o. A raz\u00e3o pela qual a Igreja considera exclu\u00eddo dela a quem realiza, sustem ou apoia o aborto est\u00e1 em coer\u00eancia com seu ensinamento moral\u201d, completa.<\/p>\n<p>Para ler a \u00edntegra da nota pastoral de Dom Antonio Keller, acesse o site da Diocese de Frederico Westphalen.<\/p>\n<p style=\"text-align: justify;\">\u00a0<\/p>\n<p style=\"text-align: justify;\">Fonte: Acidigital<\/p>\n","protected":false},"excerpt":{"rendered":"<p>REDA\u00c7\u00c3O CENTRAL, 03 Abr. 17 \/ 12:00 pm (ACI).- O aborto \u00e9 o homic\u00eddio volunt\u00e1rio de um inocente e quem pratica, promove ou colabora com tal pr\u00e1tica incorre em pecado grave, refor\u00e7ou o Bispo de Frederico Westphalen, Dom Antonio Carlos Rossi Keller, em uma nota pastoral sobre a quest\u00e3o do aborto, publicada no site da [&hellip;]<\/p>\n","protected":false},"author":1,"featured_media":29271,"comment_status":"open","ping_status":"open","sticky":false,"template":"","format":"standard","meta":{"footnotes":""},"categories":[4],"tags":[],"class_list":["post-29272","post","type-post","status-publish","format-standard","has-post-thumbnail","hentry","category-cotidiano"],"_links":{"self":[{"href":"https:\/\/catolicanet.net\/wp-cnet\/wp-json\/wp\/v2\/posts\/29272","targetHints":{"allow":["GET"]}}],"collection":[{"href":"https:\/\/catolicanet.net\/wp-cnet\/wp-json\/wp\/v2\/posts"}],"about":[{"href":"https:\/\/catolicanet.net\/wp-cnet\/wp-json\/wp\/v2\/types\/post"}],"author":[{"embeddable":true,"href":"https:\/\/catolicanet.net\/wp-cnet\/wp-json\/wp\/v2\/users\/1"}],"replies":[{"embeddable":true,"href":"https:\/\/catolicanet.net\/wp-cnet\/wp-json\/wp\/v2\/comments?post=29272"}],"version-history":[{"count":1,"href":"https:\/\/catolicanet.net\/wp-cnet\/wp-json\/wp\/v2\/posts\/29272\/revisions"}],"predecessor-version":[{"id":31143,"href":"https:\/\/catolicanet.net\/wp-cnet\/wp-json\/wp\/v2\/posts\/29272\/revisions\/31143"}],"wp:featuredmedia":[{"embeddable":true,"href":"https:\/\/catolicanet.net\/wp-cnet\/wp-json\/wp\/v2\/media\/29271"}],"wp:attachment":[{"href":"https:\/\/catolicanet.net\/wp-cnet\/wp-json\/wp\/v2\/media?parent=29272"}],"wp:term":[{"taxonomy":"category","embeddable":true,"href":"https:\/\/catolicanet.net\/wp-cnet\/wp-json\/wp\/v2\/categories?post=29272"},{"taxonomy":"post_tag","embeddable":true,"href":"https:\/\/catolicanet.net\/wp-cnet\/wp-json\/wp\/v2\/tags?post=29272"}],"curies":[{"name":"wp","href":"https:\/\/api.w.org\/{rel}","templated":true}]}}