{"id":2927,"date":"2013-08-12T18:41:31","date_gmt":"2013-08-12T21:41:31","guid":{"rendered":"http:\/\/catolicanet.net\/wp-cnet\/pastoral-vocacional-e-servico-de-animacao-vocacional-preparam-simposio-vocacional\/"},"modified":"2017-03-22T16:20:26","modified_gmt":"2017-03-22T19:20:26","slug":"pastoral-vocacional-e-servico-de-animacao-vocacional-preparam-simposio-vocacional","status":"publish","type":"post","link":"https:\/\/catolicanet.net\/wp-cnet\/pastoral-vocacional-e-servico-de-animacao-vocacional-preparam-simposio-vocacional\/","title":{"rendered":"Pastoral Vocacional e Servi\u00e7o de Anima\u00e7\u00e3o Vocacional preparam Simp\u00f3sio Vocacional"},"content":{"rendered":"<p style=\"text-align: justify;\"><img decoding=\"async\" src=\"http:\/\/catolicanet.com.br\/images\/stories\/pastoralvocacional.jpg\" border=\"0\" align=\"left\" \/>Com o tema: \u0093Ide e anunciai! Voca\u00e7\u00f5es diversas para uma grande miss\u00e3o!\u0094, a Pastoral Vocacional juntamente com o IPV preparam o Simp\u00f3sio Vocacional do Brasil. O evento ser\u00e1 realizado de 16 a 18 de maio de 2014, e tem como objetivo incrementar a cultura vocacional na a\u00e7\u00e3o evangelizadora da Igreja no Brasil e avan\u00e7ar no discipulado mission\u00e1rio como legado batismal, na comunh\u00e3o e complementaridade de voca\u00e7\u00f5es e minist\u00e9rios na comunidade eclesial. O Simp\u00f3sio faz parte do 21\u00ba Plano Pastoral do Secretariado Geral da CNBB (Documento 95, p. 48).<\/p>\n<p>\u00c0 luz do Documento de Aparecida e em conformidade \u00e0s Diretrizes Gerais da A\u00e7\u00e3o Evangelizadora da Igreja no Brasil (DGAE 2011-2015) deseja-se fazer mem\u00f3ria de alguns acontecimentos vocacionais. Em \u00e2mbito mundial, os 50 anos do Conc\u00edlio Vaticano II (1962-1965) e os 50 anos da institui\u00e7\u00e3o do Dia Mundial de Ora\u00e7\u00e3o pelas Voca\u00e7\u00f5es (1964). Em \u00e2mbito continental, os dois Congressos Vocacionais da Am\u00e9rica Latina e Caribe (1994 e 2011). E, em \u00e2mbito nacional, os dois Anos Vocacionais (1983 e 2003) e os tr\u00eas Congressos Vocacionais (1999, 2005 e 2010).<\/p>\n<p>Nesse contexto, deseja-se refor\u00e7ar a articula\u00e7\u00e3o da Pastoral Vocacional e do Servi\u00e7o de Anima\u00e7\u00e3o Vocacional (PV\/SAV) e revigorar as Equipes Vocacionais Paroquiais (EVPs), envolvendo membros da PV\/SAV, do IPV, da CRB, da CNP, da CND, da OSIB, da CNIS, do CNLB, do Setor Juventude, da Pastoral Familiar, da Catequese e do Movimento Serra. Pretende-se realizar o Simp\u00f3sio, de forma simult\u00e2nea, em cinco Regi\u00f5es do pa\u00eds, para possibilitar maior participa\u00e7\u00e3o dos agentes de pastoral dos 17 Regionais da CNBB.<\/p>\n<p>A Regi\u00e3o Sul reunir\u00e1 os quatro Regionais (S1, S2, S3 e S4); a Regi\u00e3o Nordeste reunir\u00e1 os cinco Regionais (NE1, NE2, NE3, NE4 e NE5); a Regi\u00e3o Norte englobar\u00e1 os tr\u00eas Regionais (N1, N2 e NO); a Regi\u00e3o Centro-Oeste tamb\u00e9m englobar\u00e1 tr\u00eas (quatro) Regionais (O1, O2, N3 e CO); e a Regi\u00e3o Leste, congregar\u00e1 seus dois Regionais (L1 e L2).<\/p>\n<p>Para facilitar a articula\u00e7\u00e3o e o envolvimento neste Simp\u00f3sio Vocacional, a Comiss\u00e3o Organizadora (IPV e PV\/SAV) est\u00e1 disponibilizando um Guia de Orienta\u00e7\u00f5es e de Estudo, que pode ser adquirido ao pre\u00e7o de R$\u00a0\u00a0 2,00 pelo email: ipv@ipv.org.br.<\/p>\n<p><strong>Fonte: CNBB<br \/>Local:<\/strong> Bras\u00edlia (DF)<\/p>\n","protected":false},"excerpt":{"rendered":"<p>Com o tema: \u0093Ide e anunciai! Voca\u00e7\u00f5es diversas para uma grande miss\u00e3o!\u0094, a Pastoral Vocacional juntamente com o IPV preparam o Simp\u00f3sio Vocacional do Brasil. O evento ser\u00e1 realizado de 16 a 18 de maio de 2014, e tem como objetivo incrementar a cultura vocacional na a\u00e7\u00e3o evangelizadora da Igreja no Brasil e avan\u00e7ar no [&hellip;]<\/p>\n","protected":false},"author":1,"featured_media":0,"comment_status":"closed","ping_status":"closed","sticky":false,"template":"","format":"standard","meta":{"footnotes":""},"categories":[7],"tags":[],"class_list":["post-2927","post","type-post","status-publish","format-standard","hentry","category-cnbb"],"_links":{"self":[{"href":"https:\/\/catolicanet.net\/wp-cnet\/wp-json\/wp\/v2\/posts\/2927","targetHints":{"allow":["GET"]}}],"collection":[{"href":"https:\/\/catolicanet.net\/wp-cnet\/wp-json\/wp\/v2\/posts"}],"about":[{"href":"https:\/\/catolicanet.net\/wp-cnet\/wp-json\/wp\/v2\/types\/post"}],"author":[{"embeddable":true,"href":"https:\/\/catolicanet.net\/wp-cnet\/wp-json\/wp\/v2\/users\/1"}],"replies":[{"embeddable":true,"href":"https:\/\/catolicanet.net\/wp-cnet\/wp-json\/wp\/v2\/comments?post=2927"}],"version-history":[{"count":1,"href":"https:\/\/catolicanet.net\/wp-cnet\/wp-json\/wp\/v2\/posts\/2927\/revisions"}],"predecessor-version":[{"id":7424,"href":"https:\/\/catolicanet.net\/wp-cnet\/wp-json\/wp\/v2\/posts\/2927\/revisions\/7424"}],"wp:attachment":[{"href":"https:\/\/catolicanet.net\/wp-cnet\/wp-json\/wp\/v2\/media?parent=2927"}],"wp:term":[{"taxonomy":"category","embeddable":true,"href":"https:\/\/catolicanet.net\/wp-cnet\/wp-json\/wp\/v2\/categories?post=2927"},{"taxonomy":"post_tag","embeddable":true,"href":"https:\/\/catolicanet.net\/wp-cnet\/wp-json\/wp\/v2\/tags?post=2927"}],"curies":[{"name":"wp","href":"https:\/\/api.w.org\/{rel}","templated":true}]}}