{"id":29259,"date":"2017-04-03T13:27:53","date_gmt":"2017-04-03T16:27:53","guid":{"rendered":"http:\/\/catolicanet.net\/wp-cnet\/2017\/04\/03\/derrotar-o-qflagelo-atrozq-do-trafico-humano-pede-francisco\/"},"modified":"2017-06-09T15:33:35","modified_gmt":"2017-06-09T18:33:35","slug":"derrotar-o-qflagelo-atrozq-do-trafico-humano-pede-francisco","status":"publish","type":"post","link":"https:\/\/catolicanet.net\/wp-cnet\/derrotar-o-qflagelo-atrozq-do-trafico-humano-pede-francisco\/","title":{"rendered":"Derrotar o &#8220;flagelo atroz&#8221; do tr\u00e1fico humano, pede Francisco"},"content":{"rendered":"<p style=\"text-align: justify;\"><img decoding=\"async\" src=\"http:\/\/www.catolicanet.com.br\/images\/stories\/noticias2017\/afp6414133_articolo.jpg\" border=\"0\" align=\"left\" \/>Viena (RV) \u2013 O Papa Francisco enviou uma mensagem para a <a href=\"http:\/\/www.osce.org\/event\/alliance17\">17\u00aa Confer\u00eancia da Alian\u00e7a contra o Tr\u00e1fico de Pessoas<\/a>, marcada para os dias 03 e 04 de abril em Viena, na \u00c1ustria.<\/p>\n<p>A mensagem do Pont\u00edfice foi lida pelo Subsecret\u00e1rio da Se\u00e7\u00e3o Migrantes e Refugiados do Dicast\u00e9rio para o Desenvolvimento Humano Integral, Pe. Michael Czerny SJ.<\/p>\n<p>Escravid\u00e3o, crime contra a humanidade, uma grave viola\u00e7\u00e3o dos direitos humanos, um flagelo atroz: essas s\u00e3o as express\u00f5es utilizadas por Francisco para falar de tr\u00e1fico humano, sobretudo quando envolve crian\u00e7as e adolescentes.<\/p>\n<p>No texto da mensagem, o Pont\u00edfice afirma que a Confer\u00eancia em Viena \u00e9 um sinal positivo da determina\u00e7\u00e3o da Organiza\u00e7\u00e3o para a Seguran\u00e7a e a Coopera\u00e7\u00e3o na Europa (OSCE) em erradicar &#8220;uma das mais vergonhosas din\u00e2micas da humanidade moderna&#8221;.<\/p>\n<p>\u201cA maioria dos fi\u00e9is de qualquer religi\u00e3o e pessoas de todas as convic\u00e7\u00f5es ficam chocadas, sen\u00e3o escandalizadas, quando descobrem que o tr\u00e1fico ocorre em todos os pa\u00edses e que representa o neg\u00f3cio mais pr\u00f3spero do planeta\u201d, escreve Francisco, que convida os membros da Confer\u00eancia a fazerem tudo o que estiver a seu alcance para aumentar a conscientiza\u00e7\u00e3o p\u00fablica e coordenar melhor os esfor\u00e7os governamentais, legais, fiscais e sociais para resgatar milh\u00f5es de crian\u00e7as e adultos.<\/p>\n<p>\u201cVamos fazer ainda mais, e urgentemente, para impedir que sejam traficados e escravizados\u201d, diz ainda o Papa, em refer\u00eancia \u00e0s crian\u00e7as e adolescentes, fazendo votos para um trabalho bem-sucedido e frut\u00edfero da Confer\u00eancia.<\/p>\n<p>Realidade<\/p>\n<p><a href=\"https:\/\/www.unodc.org\/unodc\/data-and-analysis\/glotip.html\">O relat\u00f3rio das Na\u00e7\u00f5es Unidas de 2016 sobre o tr\u00e1fico humano<\/a> apontou que de quarto v\u00edtimas, uma \u00e9 menor de idade. Estimam-se que cinco milh\u00f5es e meio de crian\u00e7as s\u00e3o obrigadas a trabalhar, sujeitas a abusos, for\u00e7adas a se casar ou se alistar em mil\u00edcias.<\/p>\n<p>A finalidade da confer\u00eancia \u00e9 trocar experi\u00eancias bem sucedidas de combate a este tipo de tr\u00e1fico e desenvolver uma parceria mais coordenada entre os pa\u00edses-membros da OSCE.<\/p>\n<p style=\"text-align: justify;\">\u00a0<\/p>\n<p style=\"text-align: justify;\"><a href=\"https:\/\/www.youtube.com\/watch?v=06w7NVnW08k\">Clique aqui para assistir o v\u00eddeo:<\/a><\/p>\n<p style=\"text-align: justify;\">\u00a0<\/p>\n<p style=\"text-align: justify;\">Fonte: R\u00e1dio Vaticano<\/p>\n","protected":false},"excerpt":{"rendered":"<p>Viena (RV) \u2013 O Papa Francisco enviou uma mensagem para a 17\u00aa Confer\u00eancia da Alian\u00e7a contra o Tr\u00e1fico de Pessoas, marcada para os dias 03 e 04 de abril em Viena, na \u00c1ustria. A mensagem do Pont\u00edfice foi lida pelo Subsecret\u00e1rio da Se\u00e7\u00e3o Migrantes e Refugiados do Dicast\u00e9rio para o Desenvolvimento Humano Integral, Pe. Michael [&hellip;]<\/p>\n","protected":false},"author":1,"featured_media":29258,"comment_status":"open","ping_status":"open","sticky":false,"template":"","format":"standard","meta":{"footnotes":""},"categories":[3],"tags":[],"class_list":["post-29259","post","type-post","status-publish","format-standard","has-post-thumbnail","hentry","category-vaticano"],"_links":{"self":[{"href":"https:\/\/catolicanet.net\/wp-cnet\/wp-json\/wp\/v2\/posts\/29259","targetHints":{"allow":["GET"]}}],"collection":[{"href":"https:\/\/catolicanet.net\/wp-cnet\/wp-json\/wp\/v2\/posts"}],"about":[{"href":"https:\/\/catolicanet.net\/wp-cnet\/wp-json\/wp\/v2\/types\/post"}],"author":[{"embeddable":true,"href":"https:\/\/catolicanet.net\/wp-cnet\/wp-json\/wp\/v2\/users\/1"}],"replies":[{"embeddable":true,"href":"https:\/\/catolicanet.net\/wp-cnet\/wp-json\/wp\/v2\/comments?post=29259"}],"version-history":[{"count":1,"href":"https:\/\/catolicanet.net\/wp-cnet\/wp-json\/wp\/v2\/posts\/29259\/revisions"}],"predecessor-version":[{"id":31149,"href":"https:\/\/catolicanet.net\/wp-cnet\/wp-json\/wp\/v2\/posts\/29259\/revisions\/31149"}],"wp:featuredmedia":[{"embeddable":true,"href":"https:\/\/catolicanet.net\/wp-cnet\/wp-json\/wp\/v2\/media\/29258"}],"wp:attachment":[{"href":"https:\/\/catolicanet.net\/wp-cnet\/wp-json\/wp\/v2\/media?parent=29259"}],"wp:term":[{"taxonomy":"category","embeddable":true,"href":"https:\/\/catolicanet.net\/wp-cnet\/wp-json\/wp\/v2\/categories?post=29259"},{"taxonomy":"post_tag","embeddable":true,"href":"https:\/\/catolicanet.net\/wp-cnet\/wp-json\/wp\/v2\/tags?post=29259"}],"curies":[{"name":"wp","href":"https:\/\/api.w.org\/{rel}","templated":true}]}}