{"id":29249,"date":"2017-04-03T12:12:28","date_gmt":"2017-04-03T15:12:28","guid":{"rendered":"http:\/\/catolicanet.net\/wp-cnet\/2017\/04\/03\/14o-nordestao-de-presbiteros-e-preparado-pelos-representantes-do-crp-nos-4-regionais-do-nordeste-da-cnbb\/"},"modified":"2017-06-09T15:39:32","modified_gmt":"2017-06-09T18:39:32","slug":"14o-nordestao-de-presbiteros-e-preparado-pelos-representantes-do-crp-nos-4-regionais-do-nordeste-da-cnbb","status":"publish","type":"post","link":"https:\/\/catolicanet.net\/wp-cnet\/14o-nordestao-de-presbiteros-e-preparado-pelos-representantes-do-crp-nos-4-regionais-do-nordeste-da-cnbb\/","title":{"rendered":"14\u00ba Nordest\u00e3o de Presb\u00edteros \u00e9 preparado pelos representantes do CRP nos 4 regionais do Nordeste da CNBB"},"content":{"rendered":"<p style=\"text-align: justify;\"><img decoding=\"async\" src=\"http:\/\/www.catolicanet.com.br\/images\/stories\/noticias2017\/img-20170328-wa0023.jpg\" border=\"0\" align=\"left\" \/>O encontro ser\u00e1 entre os dias 21 e 25 de agosto em Aracaju (SE)<\/p>\n<p>Os sacerdotes representantes do Conselho Regional de Presb\u00edteros (CRP) dos regionais Nordeste 1, 2, 3 e 4 da Confer\u00eancia Nacional dos Bispos do Brasil (CNBB) reuniram-se em Aracaju (SE) para preparar o 14\u00ba Nordest\u00e3o de Presb\u00edteros, que acontecer\u00e1 entre os dias 21 e 25 de agosto na capital sergipana. <\/p>\n<p>O Tema do 14\u00ba Nodest\u00e3o ser\u00e1 &#8220;Presb\u00edtero do Nordeste: disc\u00edpulo do Senhor e pastor do rebanho&#8221; e deve reunir 150 padres de todos os estados do Nordeste do Brasil. <\/p>\n<p>Na programa\u00e7\u00e3o do encontro os sacerdotes participar\u00e3o de palestras, momentos de estudo e celebra\u00e7\u00f5es. Eles tamb\u00e9m devem aproveitar para trocar experi\u00eancias e partilhar a miss\u00e3o. No \u00faltimo dia, depois da reuni\u00e3o de avalia\u00e7\u00e3o por regional, os presb\u00edteros dar\u00e3o in\u00edcio ao planejamento para o 15\u00ba Nordest\u00e3o. <\/p>\n<p>O encontro ter\u00e1 como como assessor o doutor em Psicologia Social pela Pontif\u00edcia Universidade Cat\u00f3lica de S\u00e3o Paulo (PUC-SP) e mestre em Filosofia pela PUC Campinas, padre J\u00e9sus Benedito Dos Santos. Na reuni\u00e3o preparat\u00f3ria, estiveram presentes o presidente do Conselho Nacional de Presb\u00edteros, padre Adelson Rodrigues; os presidentes dos Conselhos Regionais de Presb\u00edteros, padre Emanuel Franklin (NE 1), padre Alcimario (NE 2), padre Iuri Ribeiro (NE 3); padre Edimar Lima (NE 4) e o padre Benjamim J\u00fanior, representante do clero da arquidiocese de Aracaju.<\/p>\n<p style=\"text-align: justify;\">Com informa\u00e7\u00f5es e foto do regional Nordeste 3<\/p>\n<p style=\"text-align: justify;\">\u00a0<\/p>\n<p style=\"text-align: justify;\">Fonte: CNBB<\/p>\n","protected":false},"excerpt":{"rendered":"<p>O encontro ser\u00e1 entre os dias 21 e 25 de agosto em Aracaju (SE) Os sacerdotes representantes do Conselho Regional de Presb\u00edteros (CRP) dos regionais Nordeste 1, 2, 3 e 4 da Confer\u00eancia Nacional dos Bispos do Brasil (CNBB) reuniram-se em Aracaju (SE) para preparar o 14\u00ba Nordest\u00e3o de Presb\u00edteros, que acontecer\u00e1 entre os dias [&hellip;]<\/p>\n","protected":false},"author":1,"featured_media":29248,"comment_status":"open","ping_status":"open","sticky":false,"template":"","format":"standard","meta":{"footnotes":""},"categories":[7],"tags":[],"class_list":["post-29249","post","type-post","status-publish","format-standard","has-post-thumbnail","hentry","category-cnbb"],"_links":{"self":[{"href":"https:\/\/catolicanet.net\/wp-cnet\/wp-json\/wp\/v2\/posts\/29249","targetHints":{"allow":["GET"]}}],"collection":[{"href":"https:\/\/catolicanet.net\/wp-cnet\/wp-json\/wp\/v2\/posts"}],"about":[{"href":"https:\/\/catolicanet.net\/wp-cnet\/wp-json\/wp\/v2\/types\/post"}],"author":[{"embeddable":true,"href":"https:\/\/catolicanet.net\/wp-cnet\/wp-json\/wp\/v2\/users\/1"}],"replies":[{"embeddable":true,"href":"https:\/\/catolicanet.net\/wp-cnet\/wp-json\/wp\/v2\/comments?post=29249"}],"version-history":[{"count":1,"href":"https:\/\/catolicanet.net\/wp-cnet\/wp-json\/wp\/v2\/posts\/29249\/revisions"}],"predecessor-version":[{"id":31154,"href":"https:\/\/catolicanet.net\/wp-cnet\/wp-json\/wp\/v2\/posts\/29249\/revisions\/31154"}],"wp:featuredmedia":[{"embeddable":true,"href":"https:\/\/catolicanet.net\/wp-cnet\/wp-json\/wp\/v2\/media\/29248"}],"wp:attachment":[{"href":"https:\/\/catolicanet.net\/wp-cnet\/wp-json\/wp\/v2\/media?parent=29249"}],"wp:term":[{"taxonomy":"category","embeddable":true,"href":"https:\/\/catolicanet.net\/wp-cnet\/wp-json\/wp\/v2\/categories?post=29249"},{"taxonomy":"post_tag","embeddable":true,"href":"https:\/\/catolicanet.net\/wp-cnet\/wp-json\/wp\/v2\/tags?post=29249"}],"curies":[{"name":"wp","href":"https:\/\/api.w.org\/{rel}","templated":true}]}}