{"id":29247,"date":"2017-04-03T11:54:52","date_gmt":"2017-04-03T14:54:52","guid":{"rendered":"http:\/\/catolicanet.net\/wp-cnet\/2017\/04\/03\/texto-do-tema-central-da-55o-ag-segue-para-avaliacao-final\/"},"modified":"2017-06-09T15:42:20","modified_gmt":"2017-06-09T18:42:20","slug":"texto-do-tema-central-da-55o-ag-segue-para-avaliacao-final","status":"publish","type":"post","link":"https:\/\/catolicanet.net\/wp-cnet\/texto-do-tema-central-da-55o-ag-segue-para-avaliacao-final\/","title":{"rendered":"Texto do tema central da 55\u00aa AG segue para avalia\u00e7\u00e3o final"},"content":{"rendered":"<p style=\"text-align: justify;\"><img decoding=\"async\" src=\"http:\/\/www.catolicanet.com.br\/images\/stories\/noticias2017\/iniciao-crist-interna.png\" border=\"0\" align=\"left\" \/>Documento deve estimular lideran\u00e7as comunit\u00e1rias e eclesiais na implementa\u00e7\u00e3o de caminhos evangelizadores <\/p>\n<p>Neste ano, a Confer\u00eancia Nacional dos Bispos do Brasil ir\u00e1 realizar a sua 55\u00aa Assembleia Geral. O encontro anual do episcopado brasileiro ser\u00e1 em Aparecida (SP), entre os dias 26 de abril e 5 de maio. O tema central abordar\u00e1 a \u201cInicia\u00e7\u00e3o \u00e0 vida crist\u00e3\u201d. Em prepara\u00e7\u00e3o para a reflex\u00e3o da tem\u00e1tica, uma comiss\u00e3o foi montada e elaborou um texto que ser\u00e1 debatido pelos bispos durante os dez dias de trabalho, no Santu\u00e1rio Nacional de Nossa Senhora Aparecida. Ap\u00f3s receber contribui\u00e7\u00f5es, a segunda vers\u00e3o do documento foi enviada nesta semana aos membros da CNBB.<\/p>\n<p>A inicia\u00e7\u00e3o \u00e0 vida crist\u00e3 \u00e9 uma das cinco urg\u00eancias da a\u00e7\u00e3o evangelizadora da Igreja no Brasil para o per\u00edodo de 2015 a 2019. As Diretrizes Gerais da A\u00e7\u00e3o Evangelizadora (DGAE) apontam a necessidade de desenvolver nas comunidades do brasil \u201cum processo de inicia\u00e7\u00e3o \u00e0 vida crist\u00e3, que conduza ao encontro pessoal com Jesus Cristo, no cultivo da amizade com Ele pela ora\u00e7\u00e3o, no apre\u00e7o pela celebra\u00e7\u00e3o lit\u00fargica, na experi\u00eancia comunit\u00e1ria e o compromisso apost\u00f3lico, mediante um permanente servi\u00e7o ao pr\u00f3ximo\u201d, em conson\u00e2ncia com o Documento de Aparecida.<\/p>\n<p>Neste sentido, o arcebispo de Curitiba (PA) e presidente da Comiss\u00e3o Episcopal Pastoral para a Anima\u00e7\u00e3o B\u00edblico-Catequ\u00e9tica da CNBB, dom Jos\u00e9 Ant\u00f4nio Peruzzo, que tamb\u00e9m presidiu a Comiss\u00e3o do Tema Central, explica que os redatores trabalharam para elaborar um documento que sirva de est\u00edmulo \u00e0s mais ampliadas lideran\u00e7as comunit\u00e1rias e eclesiais, \u201cna implementa\u00e7\u00e3o de caminhos evangelizadores que contemplem experi\u00eancias consistentes e vivenciais de encontro com o Senhor\u201d.<\/p>\n<p>Dom Peruzzo explicou ainda que esta segunda vers\u00e3o do texto, mais unificada na sua reda\u00e7\u00e3o, foi largamente abreviada. \u201cN\u00e3o se pretendeu um documento com todas as completudes que a tem\u00e1tica comporta. Afinal n\u00e3o \u00e9 uma obra para fins acad\u00eamicos\u201d, considera. <\/p>\n<p>A proposta, assim como indicado nas DGAE, \u00e9 a aplica\u00e7\u00e3o da Inicia\u00e7\u00e3o \u00e0 Vida Crist\u00e3 com inspira\u00e7\u00e3o catecumenal. \u201cJ\u00e1 no documento conciliar Sacrossantum Concilium a Igreja propunha-se a dar passos em dire\u00e7\u00e3o \u00e0 Inicia\u00e7\u00e3o \u00e0 Vida Crist\u00e3 com inspira\u00e7\u00e3o catecumenal. Em importantes documentos sobre Evangeliza\u00e7\u00e3o e Catequese a tem\u00e1tica se reapresentou. Passou quase desapercebida nas assembleias do episcopado latino-americano. Mas, gra\u00e7as a Deus, surgiu com grande for\u00e7a em Aparecida\u201d, sublinha dom Peruzzo.<\/p>\n<p>O arcebispo recorda com gratid\u00e3o as \u201cmuitas, promissoras e criativas experi\u00eancias\u201d de Inicia\u00e7\u00e3o. Ele, por\u00e9m, reconhece que h\u00e1 um caminho longo a percorrer no sentido do desenvolvimento do processo que ser\u00e1 estudado durante a Assembleia Geral deste ano. \u201cH\u00e1 que mudar mentalidades, h\u00e1 que crescer na integra\u00e7\u00e3o entre catequese e liturgia, h\u00e1 que envolver a inteireza das comunidades. Mas o caminho j\u00e1 come\u00e7ou, h\u00e1 muitos sinais\u201d, pontua confiante.<br \/>O que \u00e9 <\/p>\n<p>A inicia\u00e7\u00e3o \u00e0 vida crist\u00e3 \u00e9, objetivamente, todo processo de conhecimento e encontro com Jesus Cristo e de inser\u00e7\u00e3o na comunidade crist\u00e3. Ela contempla tamb\u00e9m tr\u00eas sacramentos que formam unidade: batismo, eucaristia e crisma (confirma\u00e7\u00e3o).<\/p>\n<p style=\"text-align: justify;\">\u00a0<\/p>\n<p style=\"text-align: justify;\">Fonte: CNBB<\/p>\n","protected":false},"excerpt":{"rendered":"<p>Documento deve estimular lideran\u00e7as comunit\u00e1rias e eclesiais na implementa\u00e7\u00e3o de caminhos evangelizadores Neste ano, a Confer\u00eancia Nacional dos Bispos do Brasil ir\u00e1 realizar a sua 55\u00aa Assembleia Geral. O encontro anual do episcopado brasileiro ser\u00e1 em Aparecida (SP), entre os dias 26 de abril e 5 de maio. O tema central abordar\u00e1 a \u201cInicia\u00e7\u00e3o \u00e0 [&hellip;]<\/p>\n","protected":false},"author":1,"featured_media":29246,"comment_status":"open","ping_status":"open","sticky":false,"template":"","format":"standard","meta":{"footnotes":""},"categories":[7],"tags":[],"class_list":["post-29247","post","type-post","status-publish","format-standard","has-post-thumbnail","hentry","category-cnbb"],"_links":{"self":[{"href":"https:\/\/catolicanet.net\/wp-cnet\/wp-json\/wp\/v2\/posts\/29247","targetHints":{"allow":["GET"]}}],"collection":[{"href":"https:\/\/catolicanet.net\/wp-cnet\/wp-json\/wp\/v2\/posts"}],"about":[{"href":"https:\/\/catolicanet.net\/wp-cnet\/wp-json\/wp\/v2\/types\/post"}],"author":[{"embeddable":true,"href":"https:\/\/catolicanet.net\/wp-cnet\/wp-json\/wp\/v2\/users\/1"}],"replies":[{"embeddable":true,"href":"https:\/\/catolicanet.net\/wp-cnet\/wp-json\/wp\/v2\/comments?post=29247"}],"version-history":[{"count":1,"href":"https:\/\/catolicanet.net\/wp-cnet\/wp-json\/wp\/v2\/posts\/29247\/revisions"}],"predecessor-version":[{"id":31155,"href":"https:\/\/catolicanet.net\/wp-cnet\/wp-json\/wp\/v2\/posts\/29247\/revisions\/31155"}],"wp:featuredmedia":[{"embeddable":true,"href":"https:\/\/catolicanet.net\/wp-cnet\/wp-json\/wp\/v2\/media\/29246"}],"wp:attachment":[{"href":"https:\/\/catolicanet.net\/wp-cnet\/wp-json\/wp\/v2\/media?parent=29247"}],"wp:term":[{"taxonomy":"category","embeddable":true,"href":"https:\/\/catolicanet.net\/wp-cnet\/wp-json\/wp\/v2\/categories?post=29247"},{"taxonomy":"post_tag","embeddable":true,"href":"https:\/\/catolicanet.net\/wp-cnet\/wp-json\/wp\/v2\/tags?post=29247"}],"curies":[{"name":"wp","href":"https:\/\/api.w.org\/{rel}","templated":true}]}}