{"id":29240,"date":"2017-03-31T18:06:56","date_gmt":"2017-03-31T21:06:56","guid":{"rendered":"http:\/\/catolicanet.net\/wp-cnet\/2017\/03\/31\/americavenezuela-melhorar-a-situacao-de-tragedia-com-o-dialogo-pe-sosa-sobre-a-crise-que-vive-o-pais\/"},"modified":"2017-06-09T15:47:57","modified_gmt":"2017-06-09T18:47:57","slug":"americavenezuela-melhorar-a-situacao-de-tragedia-com-o-dialogo-pe-sosa-sobre-a-crise-que-vive-o-pais","status":"publish","type":"post","link":"https:\/\/catolicanet.net\/wp-cnet\/americavenezuela-melhorar-a-situacao-de-tragedia-com-o-dialogo-pe-sosa-sobre-a-crise-que-vive-o-pais\/","title":{"rendered":"AM\u00c9RICA\/VENEZUELA &#8211; \u201cMelhorar a situa\u00e7\u00e3o de trag\u00e9dia com o di\u00e1logo\u201d: pe. Sosa sobre a crise que vive o pa\u00eds"},"content":{"rendered":"<p style=\"text-align: justify;\"><img decoding=\"async\" src=\"http:\/\/www.catolicanet.com.br\/images\/stories\/noticias2017\/primopiano_3709.jpg\" border=\"0\" align=\"left\" \/>Caracas (Ag\u00eancia Fides) \u2013 O sacerdote jesu\u00edta venezuelano Arturo Sosa, primeiro latino-americano a ser eleito superior-geral da Companhia de Jesus (SJ), esta semana visitou os seus coirm\u00e3os no Peru, onde foi entrevistado por &#8220;El Comercio&#8221;. Ao responder sobre a situa\u00e7\u00e3o na Venezuela, seu pa\u00eds natal, assim respondeu: &#8220;Conheci os defeitos e as potencialidades seja do governo, seja da oposi\u00e7\u00e3o. N\u00e3o basta dizer que n\u00e3o est\u00e3o atuando bem, mas que poderia ser melhor, e ambos podem dar mais. A finalidade deve ser melhorar a situa\u00e7\u00e3o de trag\u00e9dia, e isso ser\u00e1 poss\u00edvel somente atrav\u00e9s do di\u00e1logo. Isso cabe \u00e0 pol\u00edtica, e isso substitui a guerra. Al\u00e9m disso, \u00e9 tamb\u00e9m necess\u00e1rio negociar, porque cada um deve renunciar a algo&#8221;.<br \/>Ontem, a Corte suprema votou para desautorizar o Parlamento de qualquer fun\u00e7\u00e3o, que desde as elei\u00e7\u00f5es de 6 de dezembro de 2015 \u00e9 dominada (112 deputados num total de 167) pela oposi\u00e7\u00e3o. Deste modo, Maduro assume os plenos poderes sem qualquer controle parlamentar. Isso acontece enquanto a OEA (Organiza\u00e7\u00e3o dos Estados Americanos) est\u00e1 reunida em Washington justamente para discutir a situa\u00e7\u00e3o venezuelana: cerca de 20 pa\u00edses, com o Secret\u00e1rio da OEA, Luis Almagro, acusaram o Presidente venezuelano de comportamento antidemocr\u00e1tico e pedem a suspens\u00e3o da Venezuela da organiza\u00e7\u00e3o.<br \/>A not\u00edcia desencadeou uma s\u00e9rie de express\u00f5es de solidariedade dos pa\u00edses latino-americanos para com o povo venezuelano, com a oposi\u00e7\u00e3o e contra o governo de Maduro. A chanceler, Delcy Rodr\u00edguez, ontem \u00e0 noite definiu \u201cagressivas\u201d as declara\u00e7\u00f5es do Peru depois de retirar seu embaixador. Costa Rica, Bol\u00edvia e outros pa\u00edses sul-americanos est\u00e3o examinando a proposta de retirar seus representantes diplom\u00e1ticos da Venezuela.<\/p>\n<p style=\"text-align: justify;\">\u00a0<\/p>\n<p style=\"text-align: justify;\">Fonte: Ag\u00eancia Fides<\/p>\n","protected":false},"excerpt":{"rendered":"<p>Caracas (Ag\u00eancia Fides) \u2013 O sacerdote jesu\u00edta venezuelano Arturo Sosa, primeiro latino-americano a ser eleito superior-geral da Companhia de Jesus (SJ), esta semana visitou os seus coirm\u00e3os no Peru, onde foi entrevistado por &#8220;El Comercio&#8221;. Ao responder sobre a situa\u00e7\u00e3o na Venezuela, seu pa\u00eds natal, assim respondeu: &#8220;Conheci os defeitos e as potencialidades seja do [&hellip;]<\/p>\n","protected":false},"author":1,"featured_media":29239,"comment_status":"open","ping_status":"open","sticky":false,"template":"","format":"standard","meta":{"footnotes":""},"categories":[4],"tags":[],"class_list":["post-29240","post","type-post","status-publish","format-standard","has-post-thumbnail","hentry","category-cotidiano"],"_links":{"self":[{"href":"https:\/\/catolicanet.net\/wp-cnet\/wp-json\/wp\/v2\/posts\/29240","targetHints":{"allow":["GET"]}}],"collection":[{"href":"https:\/\/catolicanet.net\/wp-cnet\/wp-json\/wp\/v2\/posts"}],"about":[{"href":"https:\/\/catolicanet.net\/wp-cnet\/wp-json\/wp\/v2\/types\/post"}],"author":[{"embeddable":true,"href":"https:\/\/catolicanet.net\/wp-cnet\/wp-json\/wp\/v2\/users\/1"}],"replies":[{"embeddable":true,"href":"https:\/\/catolicanet.net\/wp-cnet\/wp-json\/wp\/v2\/comments?post=29240"}],"version-history":[{"count":1,"href":"https:\/\/catolicanet.net\/wp-cnet\/wp-json\/wp\/v2\/posts\/29240\/revisions"}],"predecessor-version":[{"id":31161,"href":"https:\/\/catolicanet.net\/wp-cnet\/wp-json\/wp\/v2\/posts\/29240\/revisions\/31161"}],"wp:featuredmedia":[{"embeddable":true,"href":"https:\/\/catolicanet.net\/wp-cnet\/wp-json\/wp\/v2\/media\/29239"}],"wp:attachment":[{"href":"https:\/\/catolicanet.net\/wp-cnet\/wp-json\/wp\/v2\/media?parent=29240"}],"wp:term":[{"taxonomy":"category","embeddable":true,"href":"https:\/\/catolicanet.net\/wp-cnet\/wp-json\/wp\/v2\/categories?post=29240"},{"taxonomy":"post_tag","embeddable":true,"href":"https:\/\/catolicanet.net\/wp-cnet\/wp-json\/wp\/v2\/tags?post=29240"}],"curies":[{"name":"wp","href":"https:\/\/api.w.org\/{rel}","templated":true}]}}