{"id":2923,"date":"2013-08-12T18:29:57","date_gmt":"2013-08-12T21:29:57","guid":{"rendered":"http:\/\/catolicanet.net\/wp-cnet\/amor-reciproco-na-escola-da-trindade\/"},"modified":"2017-03-22T16:22:41","modified_gmt":"2017-03-22T19:22:41","slug":"amor-reciproco-na-escola-da-trindade","status":"publish","type":"post","link":"https:\/\/catolicanet.net\/wp-cnet\/amor-reciproco-na-escola-da-trindade\/","title":{"rendered":"Amor rec\u00edproco: na escola da Trindade"},"content":{"rendered":"<p style=\"text-align: justify;\"><img decoding=\"async\" src=\"http:\/\/catolicanet.com.br\/images\/stories\/amorreciproco.jpg\" border=\"0\" align=\"left\" \/>Bispos de 4 continentes participaram de 31 de julho a 9 de agosto, no Centro nacional do Movimento dos Focolares de Vargem Grande Paulista (SP), de uma \u0093conviv\u00eancia fraterna\u0094. O encontro foi marcado pela alegria e a gratid\u00e3o dos amigos do Movimento ao Esp\u00edrito Santo pelo que est\u00e1 operando na Igreja.<\/p>\n<p>O ponto central do carisma da unidade dos Focolares \u00e9 a experi\u00eancia da presen\u00e7a tang\u00edvel do Ressuscitado, que se faz presente com seus dons de luz, for\u00e7a e paz quando o amor rec\u00edproco \u00e9 vivido em plenitude.<\/p>\n<p>Na concelebra\u00e7\u00e3o que encerrou o encontro, foi renovada a consagra\u00e7\u00e3o a Jesus Crucificado e abandonado, dimens\u00e3o deste amor, que envolve e transforma as dores da Igreja e da humanidade. Qual \u00e9 o significado desta escolha? Carla Cotignoli, integrante do Movimento, perguntou ao bispo de Propri\u00e1 (SE), Dom Mario Rino Sivieri.<\/p>\n<p><strong>\u0093Corresponde \u00e0quilo que o Papa esta insistindo, quer dizer nos limites da humanidade, onde as vidas s\u00e3o pesadas, n\u00e3o consideradas, as periferias humanas, n\u00e3o s\u00f3 a periferia das cidade, somente mas estar onde a humanidade sofre.<\/p>\n<p>Este \u00e9 por este motivo que, a convite de Frei Hans e Nelson eu aceitei fundar uma Fazenda da Esperan\u00e7a quando era p\u00e1roco. N\u00e3o \u00e9 s\u00f3 isso. Este sofrimento se encontra nas fam\u00edlias derrubadas, divididas, nos jovens que n\u00e3o sabem mais como se ama e confundem \u00e0s vezes o amor com outras coisas que s\u00f3 se entendem \u00e0 luz de Cristo Crucificado e abandonado. Creio que esta \u00e9 uma maneira muito forte que nos impele tamb\u00e9m na humanidade.<\/p>\n<p>S\u00e3o Boaventura fala que o nosso baricentro \u00e9 aos p\u00e9s da cruz, um centro que esta em baixo, que esta em baixo l\u00e1 onde confluem todas as \u00e1guas da humanidade que passam para a fonte da esperan\u00e7a. Estar em baixo no \u00faltimo lugar onde se pode amar. O lugar de Maria.<\/p>\n<p>O Papa critica aqueles que quer estar nos lugares de comando. Eu escolhi como lema \u0093omnibus servus\u0094. O servo de todos. N\u00e3o \u00e9 uma coisa f\u00e1cil. Por\u00e9m creio que seja a maneira melhor para servir\u0094.<\/strong><\/p>\n<p><strong>Fonte: R\u00e1dio Vaticano<br \/>Local:<\/strong> Vargem Grande Paulista (SP)<\/p>\n","protected":false},"excerpt":{"rendered":"<p>Bispos de 4 continentes participaram de 31 de julho a 9 de agosto, no Centro nacional do Movimento dos Focolares de Vargem Grande Paulista (SP), de uma \u0093conviv\u00eancia fraterna\u0094. O encontro foi marcado pela alegria e a gratid\u00e3o dos amigos do Movimento ao Esp\u00edrito Santo pelo que est\u00e1 operando na Igreja. O ponto central do [&hellip;]<\/p>\n","protected":false},"author":1,"featured_media":0,"comment_status":"closed","ping_status":"closed","sticky":false,"template":"","format":"standard","meta":{"footnotes":""},"categories":[3],"tags":[],"class_list":["post-2923","post","type-post","status-publish","format-standard","hentry","category-vaticano"],"_links":{"self":[{"href":"https:\/\/catolicanet.net\/wp-cnet\/wp-json\/wp\/v2\/posts\/2923","targetHints":{"allow":["GET"]}}],"collection":[{"href":"https:\/\/catolicanet.net\/wp-cnet\/wp-json\/wp\/v2\/posts"}],"about":[{"href":"https:\/\/catolicanet.net\/wp-cnet\/wp-json\/wp\/v2\/types\/post"}],"author":[{"embeddable":true,"href":"https:\/\/catolicanet.net\/wp-cnet\/wp-json\/wp\/v2\/users\/1"}],"replies":[{"embeddable":true,"href":"https:\/\/catolicanet.net\/wp-cnet\/wp-json\/wp\/v2\/comments?post=2923"}],"version-history":[{"count":1,"href":"https:\/\/catolicanet.net\/wp-cnet\/wp-json\/wp\/v2\/posts\/2923\/revisions"}],"predecessor-version":[{"id":7428,"href":"https:\/\/catolicanet.net\/wp-cnet\/wp-json\/wp\/v2\/posts\/2923\/revisions\/7428"}],"wp:attachment":[{"href":"https:\/\/catolicanet.net\/wp-cnet\/wp-json\/wp\/v2\/media?parent=2923"}],"wp:term":[{"taxonomy":"category","embeddable":true,"href":"https:\/\/catolicanet.net\/wp-cnet\/wp-json\/wp\/v2\/categories?post=2923"},{"taxonomy":"post_tag","embeddable":true,"href":"https:\/\/catolicanet.net\/wp-cnet\/wp-json\/wp\/v2\/tags?post=2923"}],"curies":[{"name":"wp","href":"https:\/\/api.w.org\/{rel}","templated":true}]}}