{"id":2922,"date":"2013-08-12T18:27:18","date_gmt":"2013-08-12T21:27:18","guid":{"rendered":"http:\/\/catolicanet.net\/wp-cnet\/dia-internacional-da-juventude-qmigracao-dos-jovensq\/"},"modified":"2017-03-22T16:23:26","modified_gmt":"2017-03-22T19:23:26","slug":"dia-internacional-da-juventude-qmigracao-dos-jovensq","status":"publish","type":"post","link":"https:\/\/catolicanet.net\/wp-cnet\/dia-internacional-da-juventude-qmigracao-dos-jovensq\/","title":{"rendered":"Dia Internacional da Juventude: &#8220;Migra\u00e7\u00e3o dos jovens&#8221;"},"content":{"rendered":"<p style=\"text-align: justify;\"><img decoding=\"async\" src=\"http:\/\/catolicanet.com.br\/images\/stories\/diainternacionaldajuventude.jpg\" border=\"0\" align=\"left\" \/>Celebra-se, nesta segunda-feira, o Dia Mundial da Juventude, proclamado pelas Na\u00e7\u00f5es Unidas, que tem como tema: \u0093A migra\u00e7\u00e3o dos Jovens\u0094.<\/p>\n<p>Nesta ocasi\u00e3o, o Secret\u00e1rio-Geral da ONU, Ban Ki-moon, afirmou que dos 214 milh\u00f5es de migrantes internacionais, que buscam todos os anos uma vida melhor em outros pa\u00edses, os jovens representam mais de 10%.<\/p>\n<p>Segundo Ban Ki-moon, pouco se sabe sobre suas lutas e suas experi\u00eancias, mas as raz\u00f5es para a mudan\u00e7a s\u00e3o v\u00e1rias. Com efeito, explicou, alguns fogem de algum tipo de persegui\u00e7\u00e3o e outros das dificuldades econ\u00f4micas em seus pa\u00edses de origem. Muitos est\u00e3o sozinhos ou acompanhados da fam\u00edlia, pai, m\u00e3e e irm\u00e3os.<\/p>\n<p>O Secret\u00e1rio Geral da ONU afirmou que alguns jovens t\u00eam lugar para ficar e outros ainda n\u00e3o t\u00eam. Ele declarou que durante o percurso entre o pa\u00eds de origem e o de chegada, muitos jovens enfrentam lutas iguais ou maiores.<\/p>\n<p>Entre os desafios est\u00e3o o racismo, a xenofobia, a discrimina\u00e7\u00e3o e as viola\u00e7\u00f5es dos direitos humanos. Al\u00e9m do mais, as mulheres jovens, em particular, enfrentam ainda o risco de explora\u00e7\u00e3o e abuso sexual.<\/p>\n<p>O Secret\u00e1rio-Geral disse que entre os aspectos comuns na vida dos migrantes est\u00e3o a pobreza, as condi\u00e7\u00f5es de vida insalubres e os desafios para encontrar um emprego decente. Tudo isso acaba piorando pela atual crise financeira e econ\u00f4mica global. Muitas vezes, eles s\u00e3o acusados pelas comunidades e pol\u00edticos de roubarem os empregos locais, aumentando ainda mais o risco de discrimina\u00e7\u00e3o.<\/p>\n<p>Ban Ki-moon afirma ainda que \u0093\u00e9 importante destacar a grande contribui\u00e7\u00e3o que estes jovens d\u00e3o \u00e0s sociedades, tanto de origem, como a de tr\u00e2nsito e a do destino final\u0094. E declarou: \u0093A maioria trabalha muito para se sustentar e melhorar as condi\u00e7\u00f5es de vida. Al\u00e9m disso, o dinheiro que eles mandam \u00e0s suas fam\u00edlias, para ajud\u00e1-las nos seus pa\u00edses de origem, movimenta a economia\u0094.<\/p>\n<p>O Secret\u00e1rio Geral da ONU concluiu sua declara\u00e7\u00e3o, por ocasi\u00e3o do Dia Internacional da Juventude, afirmando: \u0093Quando os migrantes voltam para suas casas, eles impulsionam o desenvolvimento ao aplicar a experi\u00eancia que adquiriram no estrangeiro\u0094.<\/p>\n<p>No pr\u00f3ximo m\u00eas de outubro, a Assembleia Geral da ONU vai realizar o segundo Di\u00e1logo de Alto N\u00edvel sobre \u0093Migra\u00e7\u00e3o Internacional e Desenvolvimento\u0094. Por isso, Ban Ki-moon pede aos Estados-membros que levem em considera\u00e7\u00e3o a migra\u00e7\u00e3o juvenil.<\/p>\n<p><strong><br \/>Fonte: R\u00e1dio Vaticano<br \/>Local:<\/strong> Nova Iorque<\/p>\n","protected":false},"excerpt":{"rendered":"<p>Celebra-se, nesta segunda-feira, o Dia Mundial da Juventude, proclamado pelas Na\u00e7\u00f5es Unidas, que tem como tema: \u0093A migra\u00e7\u00e3o dos Jovens\u0094. Nesta ocasi\u00e3o, o Secret\u00e1rio-Geral da ONU, Ban Ki-moon, afirmou que dos 214 milh\u00f5es de migrantes internacionais, que buscam todos os anos uma vida melhor em outros pa\u00edses, os jovens representam mais de 10%. Segundo Ban [&hellip;]<\/p>\n","protected":false},"author":1,"featured_media":0,"comment_status":"closed","ping_status":"closed","sticky":false,"template":"","format":"standard","meta":{"footnotes":""},"categories":[4],"tags":[],"class_list":["post-2922","post","type-post","status-publish","format-standard","hentry","category-cotidiano"],"_links":{"self":[{"href":"https:\/\/catolicanet.net\/wp-cnet\/wp-json\/wp\/v2\/posts\/2922","targetHints":{"allow":["GET"]}}],"collection":[{"href":"https:\/\/catolicanet.net\/wp-cnet\/wp-json\/wp\/v2\/posts"}],"about":[{"href":"https:\/\/catolicanet.net\/wp-cnet\/wp-json\/wp\/v2\/types\/post"}],"author":[{"embeddable":true,"href":"https:\/\/catolicanet.net\/wp-cnet\/wp-json\/wp\/v2\/users\/1"}],"replies":[{"embeddable":true,"href":"https:\/\/catolicanet.net\/wp-cnet\/wp-json\/wp\/v2\/comments?post=2922"}],"version-history":[{"count":1,"href":"https:\/\/catolicanet.net\/wp-cnet\/wp-json\/wp\/v2\/posts\/2922\/revisions"}],"predecessor-version":[{"id":7429,"href":"https:\/\/catolicanet.net\/wp-cnet\/wp-json\/wp\/v2\/posts\/2922\/revisions\/7429"}],"wp:attachment":[{"href":"https:\/\/catolicanet.net\/wp-cnet\/wp-json\/wp\/v2\/media?parent=2922"}],"wp:term":[{"taxonomy":"category","embeddable":true,"href":"https:\/\/catolicanet.net\/wp-cnet\/wp-json\/wp\/v2\/categories?post=2922"},{"taxonomy":"post_tag","embeddable":true,"href":"https:\/\/catolicanet.net\/wp-cnet\/wp-json\/wp\/v2\/tags?post=2922"}],"curies":[{"name":"wp","href":"https:\/\/api.w.org\/{rel}","templated":true}]}}