{"id":29205,"date":"2017-03-30T19:32:51","date_gmt":"2017-03-30T22:32:51","guid":{"rendered":"http:\/\/catolicanet.net\/wp-cnet\/2017\/03\/30\/asiaindonesia-um-novo-arcebispo-em-semarang-pronto-para-o-dia-da-juventude-asiatica\/"},"modified":"2017-06-09T16:09:19","modified_gmt":"2017-06-09T19:09:19","slug":"asiaindonesia-um-novo-arcebispo-em-semarang-pronto-para-o-dia-da-juventude-asiatica","status":"publish","type":"post","link":"https:\/\/catolicanet.net\/wp-cnet\/asiaindonesia-um-novo-arcebispo-em-semarang-pronto-para-o-dia-da-juventude-asiatica\/","title":{"rendered":"\u00c1SIA\/INDON\u00c9SIA &#8211; Um novo arcebispo em Semarang, pronto para o Dia da Juventude Asi\u00e1tica"},"content":{"rendered":"<p style=\"text-align: justify;\"><img decoding=\"async\" src=\"http:\/\/www.catolicanet.com.br\/images\/stories\/noticias2017\/primopiano_3697.jpg\" border=\"0\" align=\"left\" \/>Semarang (Ag\u00eancia Fides) &#8211; Pe. Robertus Rubiyatmoko ser\u00e1 consagrado Arcebispo de Semarang, em Java Central, em 19 de maio, e o primeiro grande evento que acompanhar\u00e1 como Pastor da comunidade local \u00e9 o Dia da Juventude Asi\u00e1tica (Asia Youth Day, AYD) que a Arquidiocese de Semarang hospedar\u00e1 tr\u00eas meses depois: o AYD, evento que se realizar\u00e1 em Yogyakarta de 30 de julho a 9 de agosto, reunir\u00e1 na Indon\u00e9sia mais de 3 mil jovens cat\u00f3licos de 29 pa\u00edses asi\u00e1ticos sobre o tema \u201cJuventude asi\u00e1tica em festa: viver o Evangelho na \u00c1sia multicultural\u201d.<br \/>Como Pe. Robertus Rubiyatmoko explica na conversa com a Ag\u00eancia Fides, o tema est\u00e1 em sintonia com o plano pastoral da Arquidiocese de Semarang, que pretende \u201clevar a civiliza\u00e7\u00e3o do amor \u00e0 sociedade indon\u00e9sia\u201d. \u201cDesejamos que a juventude cat\u00f3lica da Arquidiocese de Semarang e de todos os pa\u00edses da \u00c1sia saiba apreciar e viver com coragem na sociedade multicultural e esteja presente dentro daqueles contextos para levar a luz de Cristo, de modo que Ele viva realmente na sociedade plural\u201d, observa o novo bispo. Pe. Rubiyatmoko considera importante que \u201cos jovens cat\u00f3licos desenvolvam uma boa coopera\u00e7\u00e3o e formem redes\u201d, mantendo-se em contato entre si e abrindo-se aos jovens de outras religi\u00f5es, no esp\u00edrito de partilhar o bem com todos os jovens de boa vontade.<br \/>Falando de sua pr\u00f3xima consagra\u00e7\u00e3o episcopal, o sacerdote explica que ainda n\u00e3o escolheu o seu lema, mas que \u201cse deixar\u00e1 inspirar pela Misericordiae Vultus\u201d. \u201cEspero um dom abundante do Esp\u00edrito de Deus \u2013 nota \u2013 que me d\u00ea a cada dia a gra\u00e7a de poder desempenhar a responsabilidade de Pastor segundo o cora\u00e7\u00e3o de Deus e de acordo com a miss\u00e3o da Igreja universal\u201d, nota o padre, que agora \u00e9 Vig\u00e1rio judicial da arquidiocese.<br \/>O arcebispo nomeado agradece seu predecessor, o arcebispo Johannes Maria Pujasumarta, falecido prematuramente em 2015, que \u201cergueu as bases para a Pastoral na comunidade de Semarang, formulando algumas linhas-mestres quinquenais\u201d. No primeiro quinqu\u00eanio, o focus \u00e9 \u201ccriar uma civiliza\u00e7\u00e3o do amor na Indon\u00e9sia, contribuindo para construir uma sociedade inclusiva&#8221;. &#8220;N\u00e3o obstante as minhas fraquezas humanas, nada \u00e9 imposs\u00edvel para Deus. Confio no dom de sua gra\u00e7a para fazer a sua vontade e confio na incessante ora\u00e7\u00e3o dos batizados por meu servi\u00e7o de Pastor\u201d, conclui o pe. Rubiyatmoko.<\/p>\n<p style=\"text-align: justify;\">Fonte: Ag\u00eancia Fides<\/p>\n","protected":false},"excerpt":{"rendered":"<p>Semarang (Ag\u00eancia Fides) &#8211; Pe. Robertus Rubiyatmoko ser\u00e1 consagrado Arcebispo de Semarang, em Java Central, em 19 de maio, e o primeiro grande evento que acompanhar\u00e1 como Pastor da comunidade local \u00e9 o Dia da Juventude Asi\u00e1tica (Asia Youth Day, AYD) que a Arquidiocese de Semarang hospedar\u00e1 tr\u00eas meses depois: o AYD, evento que se [&hellip;]<\/p>\n","protected":false},"author":1,"featured_media":29204,"comment_status":"open","ping_status":"open","sticky":false,"template":"","format":"standard","meta":{"footnotes":""},"categories":[4],"tags":[],"class_list":["post-29205","post","type-post","status-publish","format-standard","has-post-thumbnail","hentry","category-cotidiano"],"_links":{"self":[{"href":"https:\/\/catolicanet.net\/wp-cnet\/wp-json\/wp\/v2\/posts\/29205","targetHints":{"allow":["GET"]}}],"collection":[{"href":"https:\/\/catolicanet.net\/wp-cnet\/wp-json\/wp\/v2\/posts"}],"about":[{"href":"https:\/\/catolicanet.net\/wp-cnet\/wp-json\/wp\/v2\/types\/post"}],"author":[{"embeddable":true,"href":"https:\/\/catolicanet.net\/wp-cnet\/wp-json\/wp\/v2\/users\/1"}],"replies":[{"embeddable":true,"href":"https:\/\/catolicanet.net\/wp-cnet\/wp-json\/wp\/v2\/comments?post=29205"}],"version-history":[{"count":1,"href":"https:\/\/catolicanet.net\/wp-cnet\/wp-json\/wp\/v2\/posts\/29205\/revisions"}],"predecessor-version":[{"id":31181,"href":"https:\/\/catolicanet.net\/wp-cnet\/wp-json\/wp\/v2\/posts\/29205\/revisions\/31181"}],"wp:featuredmedia":[{"embeddable":true,"href":"https:\/\/catolicanet.net\/wp-cnet\/wp-json\/wp\/v2\/media\/29204"}],"wp:attachment":[{"href":"https:\/\/catolicanet.net\/wp-cnet\/wp-json\/wp\/v2\/media?parent=29205"}],"wp:term":[{"taxonomy":"category","embeddable":true,"href":"https:\/\/catolicanet.net\/wp-cnet\/wp-json\/wp\/v2\/categories?post=29205"},{"taxonomy":"post_tag","embeddable":true,"href":"https:\/\/catolicanet.net\/wp-cnet\/wp-json\/wp\/v2\/tags?post=29205"}],"curies":[{"name":"wp","href":"https:\/\/api.w.org\/{rel}","templated":true}]}}