{"id":29192,"date":"2017-03-30T16:14:21","date_gmt":"2017-03-30T19:14:21","guid":{"rendered":"http:\/\/catolicanet.net\/wp-cnet\/2017\/03\/30\/francisco-os-idolos-nos-escravizam-so-deus-nos-ama\/"},"modified":"2017-06-09T16:20:29","modified_gmt":"2017-06-09T19:20:29","slug":"francisco-os-idolos-nos-escravizam-so-deus-nos-ama","status":"publish","type":"post","link":"https:\/\/catolicanet.net\/wp-cnet\/francisco-os-idolos-nos-escravizam-so-deus-nos-ama\/","title":{"rendered":"Francisco: os \u00eddolos nos escravizam, s\u00f3 Deus nos ama"},"content":{"rendered":"<p style=\"text-align: justify;\"><img decoding=\"async\" src=\"http:\/\/www.catolicanet.com.br\/images\/stories\/papas\/1923426_articolo.jpg\" border=\"0\" align=\"left\" \/>Cidade do Vaticano (RV) \u2013 \u00c9 preciso estar atento para n\u00e3o se afastar do Senhor em busca de falsos \u00eddolos e da mundanidade: esta foi a advert\u00eancia feita pelo Papa na homilia da missa celebrada na quinta-feira (30\/03) na capela da Casa Santa Marta.<\/p>\n<p style=\"text-align: justify;\">\u00a0<\/p>\n<p style=\"text-align: justify;\"><a href=\"http:\/\/media02.radiovaticana.va\/audio\/audio2\/mp3\/00575767.mp3\">Clique aqui para ouvir:<\/a><\/p>\n<p style=\"text-align: justify;\">\u00a0<\/p>\n<p style=\"text-align: justify;\">O Pont\u00edfice se inspirou no Livro do \u00caxodo para refletir sobre o \u201csonho e as desilus\u00f5es de Deus\u201d. O povo, disse ele, \u00e9 o \u201csonho de Deus. Sonhava porque amava\u201d. Aquele povo, por\u00e9m, trai os sonhos do Pai e Deus \u201ccome\u00e7a a se sentir desiludido\u201d e pede a Mois\u00e9s para que des\u00e7a da montanha onde subiu para receber a Lei. O povo \u201cn\u00e3o teve a paci\u00eancia de esperar Deus\u201d por 40 dias. Eles fizeram um bezerro de ouro. Um deus \u201cpara se divertir\u201d e se esqueceram do \u201cDeus que os salvou\u201d.<\/p>\n<p>O profeta Baruc, acrescentou Francisco, \u201ctem uma frase que define bem este povo: \u2018Voc\u00eas se esqueceram de quem os criou\u2019\u201d:<\/p>\n<p>\u201cEsquecer Deus que nos criou, que nos fez crescer, que nos acompanhou na vida: esta \u00e9 a desilus\u00e3o de Deus. E muitas vezes no Evangelho, nas Par\u00e1bolas, Jesus fala daquele homem que faz um vinha e depois faliu, porque os oper\u00e1rios a queriam para si. No cora\u00e7\u00e3o do homem, h\u00e1 sempre esta inquieta\u00e7\u00e3o! N\u00e3o est\u00e1 satisfeito com Deus, com o amor fiel. O cora\u00e7\u00e3o do homem est\u00e1 sempre orientado para a infidelidade. Esta \u00e9 a tenta\u00e7\u00e3o.\u201d<\/p>\n<p style=\"text-align: justify;\">\u00a0<\/p>\n<p style=\"text-align: justify;\"><a href=\"https:\/\/www.youtube.com\/watch?v=4v_3guEeaJY\">Clique aqui para assistir o v\u00eddeo:<\/a><\/p>\n<p style=\"text-align: justify;\">\u00a0<\/p>\n<p style=\"text-align: justify;\">Deus, portanto, \u201cpor meio de um profeta, repreende este povo\u201d que \u201cn\u00e3o tem const\u00e2ncia, n\u00e3o sabe esperar, se perverteu\u201d, se afasta do verdadeiro Deus e busca outro deus:<\/p>\n<p>\u201cE h\u00e1 a desilus\u00e3o de Deus: a infidelidade do povo\u2026 E tamb\u00e9m n\u00f3s somos povo de Deus e conhecemos bem como \u00e9 o nosso cora\u00e7\u00e3o e todos os dias devemos retomar o caminho para n\u00e3o escorregar lentamente em dire\u00e7\u00e3o aos \u00eddolos, \u00e0s fantasias, \u00e0 mundanidade, \u00e0 infidelidade. Creio que hoje nos far\u00e1 bem pensar no Senhor desiludido: \u2018Diga-me, Senhor, est\u00e1 desiludido comigo?\u2019. Com certeza sim, por algum motivo. Mas pensar e fazer esta pergunta\u201d.<\/p>\n<p>Francisco recordou que Deus tem \u201cum cora\u00e7\u00e3o terno, um cora\u00e7\u00e3o de pai\u201d. E lembrou quando Jesus chorou sobre Jerusal\u00e9m. Por isso, devemos nos perguntar se \u201cDeus chora por mim?\u201d, se \u201cest\u00e1 desiludido comigo?\u201d, se \u201cme afastei do Senhor?\u201d.<\/p>\n<p>\u201cQuantos \u00eddolos tenho dos quais n\u00e3o sou capaz de me desfazer, que me escravizam? Esta idolatria que temos dentro de n\u00f3s\u2026 E Deus chora por mim. Pensemos hoje nesta desilus\u00e3o de Deus que nos fez por amor e n\u00f3s vamos em busca de amor, de bem-estar, de conforto em outro lugar e n\u00e3o em Seu amor. N\u00f3s nos afastamos deste Deus que nos criou. E esta \u00e9 uma reflex\u00e3o de Quaresma. Isso nos far\u00e1 bem. E isso, faz\u00ea-lo todos os dias; um pequeno exame de consci\u00eancia: \u2018Senhor, que teve tantos sonhos para mim, eu sei que me afastei, mas me diga onde, como voltar&#8230;\u2019. E a surpresa ser\u00e1 que Ele sempre nos espera, como o pai do filho pr\u00f3digo, que o viu chegar de longe porque o aguardava\u201d.<\/p>\n<p style=\"text-align: justify;\">\u00a0<\/p>\n<p style=\"text-align: justify;\">Fonte: R\u00e1dio Vaticano<\/p>\n","protected":false},"excerpt":{"rendered":"<p>Cidade do Vaticano (RV) \u2013 \u00c9 preciso estar atento para n\u00e3o se afastar do Senhor em busca de falsos \u00eddolos e da mundanidade: esta foi a advert\u00eancia feita pelo Papa na homilia da missa celebrada na quinta-feira (30\/03) na capela da Casa Santa Marta. \u00a0 Clique aqui para ouvir: \u00a0 O Pont\u00edfice se inspirou no [&hellip;]<\/p>\n","protected":false},"author":1,"featured_media":29191,"comment_status":"open","ping_status":"open","sticky":false,"template":"","format":"standard","meta":{"footnotes":""},"categories":[3],"tags":[],"class_list":["post-29192","post","type-post","status-publish","format-standard","has-post-thumbnail","hentry","category-vaticano"],"_links":{"self":[{"href":"https:\/\/catolicanet.net\/wp-cnet\/wp-json\/wp\/v2\/posts\/29192","targetHints":{"allow":["GET"]}}],"collection":[{"href":"https:\/\/catolicanet.net\/wp-cnet\/wp-json\/wp\/v2\/posts"}],"about":[{"href":"https:\/\/catolicanet.net\/wp-cnet\/wp-json\/wp\/v2\/types\/post"}],"author":[{"embeddable":true,"href":"https:\/\/catolicanet.net\/wp-cnet\/wp-json\/wp\/v2\/users\/1"}],"replies":[{"embeddable":true,"href":"https:\/\/catolicanet.net\/wp-cnet\/wp-json\/wp\/v2\/comments?post=29192"}],"version-history":[{"count":1,"href":"https:\/\/catolicanet.net\/wp-cnet\/wp-json\/wp\/v2\/posts\/29192\/revisions"}],"predecessor-version":[{"id":31187,"href":"https:\/\/catolicanet.net\/wp-cnet\/wp-json\/wp\/v2\/posts\/29192\/revisions\/31187"}],"wp:featuredmedia":[{"embeddable":true,"href":"https:\/\/catolicanet.net\/wp-cnet\/wp-json\/wp\/v2\/media\/29191"}],"wp:attachment":[{"href":"https:\/\/catolicanet.net\/wp-cnet\/wp-json\/wp\/v2\/media?parent=29192"}],"wp:term":[{"taxonomy":"category","embeddable":true,"href":"https:\/\/catolicanet.net\/wp-cnet\/wp-json\/wp\/v2\/categories?post=29192"},{"taxonomy":"post_tag","embeddable":true,"href":"https:\/\/catolicanet.net\/wp-cnet\/wp-json\/wp\/v2\/tags?post=29192"}],"curies":[{"name":"wp","href":"https:\/\/api.w.org\/{rel}","templated":true}]}}