{"id":29182,"date":"2017-03-29T19:50:23","date_gmt":"2017-03-29T22:50:23","guid":{"rendered":"http:\/\/catolicanet.net\/wp-cnet\/2017\/03\/29\/papa-francisco-nomeia-bispo-para-floriano-pi\/"},"modified":"2017-06-09T16:29:37","modified_gmt":"2017-06-09T19:29:37","slug":"papa-francisco-nomeia-bispo-para-floriano-pi","status":"publish","type":"post","link":"https:\/\/catolicanet.net\/wp-cnet\/papa-francisco-nomeia-bispo-para-floriano-pi\/","title":{"rendered":"Papa Francisco nomeia bispo para Floriano (PI)"},"content":{"rendered":"<p style=\"text-align: justify;\"><img decoding=\"async\" src=\"http:\/\/www.catolicanet.com.br\/images\/stories\/noticias2017\/padre-edivalter.jpg\" border=\"0\" align=\"left\" \/>Diocese estava vacante desde maio de 2016. Padre Edivalter ser\u00e1 o terceiro bispo diocesano<\/p>\n<p>A Nunciatura Apost\u00f3lica no Brasil comunicou na manh\u00e3 desta quarta-feira, 29 de mar\u00e7o, a decis\u00e3o do papa Francisco em nomear para a vacante diocese de Floriano (PI), padre Edivalter Andrade. Atualmente ele exerce o posto de vig\u00e1rio geral da diocese de S\u00e3o Mateus (ES).<\/p>\n<p>A diocese de Floriano foi criada em 27 de fevereiro de 2008 pelo papa Bento XVI, por ocasi\u00e3o do desmembramento da Diocese de Oeiras-Floriano. Ela estava vacante desde o dia 4 de maio de 2016, quando o papa Francisco nomeou dom Valdemir Ferreira como bispo de Amargosa (BA).\u00a0 Padre Edivalter ser\u00e1 o terceiro bispo diocesano.<\/p>\n<p>Natural de Barra de S\u00e3o Francisco (ES), padre Edivalter tem 54 anos de idade. Nasceu em 17 de abril de 1962. Formado em Filosofia e Teologia pelo Instituto de Filosofia e Teologia da arquidiocese de Vit\u00f3ria (IFTAV), concluiu seus estudos em 1988. Logo ap\u00f3s, em 1989, foi ordenado padre. <\/p>\n<p>No in\u00edcio de seu minist\u00e9rio, padre Edivalter atuou como vig\u00e1rio na par\u00f3quia de S\u00e3o Mateus. De 1990 a 2000, foi reitor no Semin\u00e1rio Maior da diocese de S\u00e3o Mateus, localizado em Carapina-Serra (ES). O presb\u00edtero atuou tamb\u00e9m como administrador paroquial na par\u00f3quia S\u00e3o Cipriano, em Jaguar\u00e9 (ES), nos anos de 1997 a 2002. Foi coordenador diocesano de pastoral, p\u00e1roco na par\u00f3quia S\u00e3o Mateus e ec\u00f4nomo diocesano.<\/p>\n<p>Padre Edivalter tamb\u00e9m exerceu o posto de diretor da R\u00e1dio Kair\u00f3s, no per\u00edodo de 2007 a 2013. Foi representante dos presb\u00edteros e membro do Conselho Presbiteral e do Col\u00e9gio de Consultores. Em mar\u00e7o de 2016, foi nomeado vig\u00e1rio geral da diocese de S\u00e3o Mateus pelo bispo diocesano, dom Paulo Bosi Dal\u2019B\u00f3.<\/p>\n<p>Fonte: CNBB<\/p>\n","protected":false},"excerpt":{"rendered":"<p>Diocese estava vacante desde maio de 2016. Padre Edivalter ser\u00e1 o terceiro bispo diocesano A Nunciatura Apost\u00f3lica no Brasil comunicou na manh\u00e3 desta quarta-feira, 29 de mar\u00e7o, a decis\u00e3o do papa Francisco em nomear para a vacante diocese de Floriano (PI), padre Edivalter Andrade. Atualmente ele exerce o posto de vig\u00e1rio geral da diocese de [&hellip;]<\/p>\n","protected":false},"author":1,"featured_media":29181,"comment_status":"open","ping_status":"open","sticky":false,"template":"","format":"standard","meta":{"footnotes":""},"categories":[7],"tags":[],"class_list":["post-29182","post","type-post","status-publish","format-standard","has-post-thumbnail","hentry","category-cnbb"],"_links":{"self":[{"href":"https:\/\/catolicanet.net\/wp-cnet\/wp-json\/wp\/v2\/posts\/29182","targetHints":{"allow":["GET"]}}],"collection":[{"href":"https:\/\/catolicanet.net\/wp-cnet\/wp-json\/wp\/v2\/posts"}],"about":[{"href":"https:\/\/catolicanet.net\/wp-cnet\/wp-json\/wp\/v2\/types\/post"}],"author":[{"embeddable":true,"href":"https:\/\/catolicanet.net\/wp-cnet\/wp-json\/wp\/v2\/users\/1"}],"replies":[{"embeddable":true,"href":"https:\/\/catolicanet.net\/wp-cnet\/wp-json\/wp\/v2\/comments?post=29182"}],"version-history":[{"count":1,"href":"https:\/\/catolicanet.net\/wp-cnet\/wp-json\/wp\/v2\/posts\/29182\/revisions"}],"predecessor-version":[{"id":31192,"href":"https:\/\/catolicanet.net\/wp-cnet\/wp-json\/wp\/v2\/posts\/29182\/revisions\/31192"}],"wp:featuredmedia":[{"embeddable":true,"href":"https:\/\/catolicanet.net\/wp-cnet\/wp-json\/wp\/v2\/media\/29181"}],"wp:attachment":[{"href":"https:\/\/catolicanet.net\/wp-cnet\/wp-json\/wp\/v2\/media?parent=29182"}],"wp:term":[{"taxonomy":"category","embeddable":true,"href":"https:\/\/catolicanet.net\/wp-cnet\/wp-json\/wp\/v2\/categories?post=29182"},{"taxonomy":"post_tag","embeddable":true,"href":"https:\/\/catolicanet.net\/wp-cnet\/wp-json\/wp\/v2\/tags?post=29182"}],"curies":[{"name":"wp","href":"https:\/\/api.w.org\/{rel}","templated":true}]}}