{"id":2917,"date":"2013-08-08T16:23:11","date_gmt":"2013-08-08T19:23:11","guid":{"rendered":"http:\/\/catolicanet.net\/wp-cnet\/primeiro-dia-do-eid-al-fitr-para-o-mundo-muculmano\/"},"modified":"2017-03-22T16:25:43","modified_gmt":"2017-03-22T19:25:43","slug":"primeiro-dia-do-eid-al-fitr-para-o-mundo-muculmano","status":"publish","type":"post","link":"https:\/\/catolicanet.net\/wp-cnet\/primeiro-dia-do-eid-al-fitr-para-o-mundo-muculmano\/","title":{"rendered":"Primeiro dia do Eid al-Fitr para o mundo mu\u00e7ulmano"},"content":{"rendered":"<p style=\"text-align: justify;\"><img decoding=\"async\" src=\"http:\/\/catolicanet.com.br\/images\/stories\/internacional.jpg\" border=\"0\" align=\"left\" \/>Termina, nesta quinta-feira, o jejum do Ramad\u00e3, m\u00eas sagrado do islamismo, um dos quatro pilares da religi\u00e3o mu\u00e7ulmana.<\/p>\n<p>Neste primeiro dia do Shawal, em que se celebra o Id al-Fitr, encerramento do Ramad\u00e3, os fi\u00e9is costumam reunir-se, de manh\u00e3, em uma mesquita, para recitar a ora\u00e7\u00e3o do Tabkir, durante a qual se grita \u0093Allahu Akbar\u0094 (\u0094Deus \u00e9 grande\u0094). Toda a fam\u00edlia mu\u00e7ulmana participa deste evento e, com base na tradi\u00e7\u00e3o isl\u00e2mica, os chefes de fam\u00edlia compram roupas novas para seus filhos.<\/p>\n<p>Depois da ora\u00e7\u00e3o matutina, os mu\u00e7ulmanos realizam, juntos, a primeira refei\u00e7\u00e3o permitida ap\u00f3s o m\u00eas de Ramad\u00e3 e visitam os parentes ou organizam banquetes com eles.<\/p>\n<p>A pr\u00f3xima celebra\u00e7\u00e3o isl\u00e2mica ser\u00e1 a \u0093Festa do Sacrif\u00edcio\u0094, que se celebra depois de 40 dias do Id al-Fitr, a conclus\u00e3o da peregrina\u00e7\u00e3o anual (Hajj) \u00e0 Ar\u00e1bia Saudita.<br \/>Por ocasi\u00e3o do fim do m\u00eas de Ramad\u00e3, Papa Francisco enviou uma mensagem pessoal, aos mu\u00e7ulmanos do mundo inteiro.<\/p>\n<p><strong>Fonte: R\u00e1dio Vaticano<br \/>Local: <\/strong>Cidade do Vaticano<\/p>\n","protected":false},"excerpt":{"rendered":"<p>Termina, nesta quinta-feira, o jejum do Ramad\u00e3, m\u00eas sagrado do islamismo, um dos quatro pilares da religi\u00e3o mu\u00e7ulmana. Neste primeiro dia do Shawal, em que se celebra o Id al-Fitr, encerramento do Ramad\u00e3, os fi\u00e9is costumam reunir-se, de manh\u00e3, em uma mesquita, para recitar a ora\u00e7\u00e3o do Tabkir, durante a qual se grita \u0093Allahu Akbar\u0094 [&hellip;]<\/p>\n","protected":false},"author":1,"featured_media":0,"comment_status":"closed","ping_status":"closed","sticky":false,"template":"","format":"standard","meta":{"footnotes":""},"categories":[4],"tags":[],"class_list":["post-2917","post","type-post","status-publish","format-standard","hentry","category-cotidiano"],"_links":{"self":[{"href":"https:\/\/catolicanet.net\/wp-cnet\/wp-json\/wp\/v2\/posts\/2917","targetHints":{"allow":["GET"]}}],"collection":[{"href":"https:\/\/catolicanet.net\/wp-cnet\/wp-json\/wp\/v2\/posts"}],"about":[{"href":"https:\/\/catolicanet.net\/wp-cnet\/wp-json\/wp\/v2\/types\/post"}],"author":[{"embeddable":true,"href":"https:\/\/catolicanet.net\/wp-cnet\/wp-json\/wp\/v2\/users\/1"}],"replies":[{"embeddable":true,"href":"https:\/\/catolicanet.net\/wp-cnet\/wp-json\/wp\/v2\/comments?post=2917"}],"version-history":[{"count":1,"href":"https:\/\/catolicanet.net\/wp-cnet\/wp-json\/wp\/v2\/posts\/2917\/revisions"}],"predecessor-version":[{"id":7433,"href":"https:\/\/catolicanet.net\/wp-cnet\/wp-json\/wp\/v2\/posts\/2917\/revisions\/7433"}],"wp:attachment":[{"href":"https:\/\/catolicanet.net\/wp-cnet\/wp-json\/wp\/v2\/media?parent=2917"}],"wp:term":[{"taxonomy":"category","embeddable":true,"href":"https:\/\/catolicanet.net\/wp-cnet\/wp-json\/wp\/v2\/categories?post=2917"},{"taxonomy":"post_tag","embeddable":true,"href":"https:\/\/catolicanet.net\/wp-cnet\/wp-json\/wp\/v2\/tags?post=2917"}],"curies":[{"name":"wp","href":"https:\/\/api.w.org\/{rel}","templated":true}]}}