{"id":29137,"date":"2017-03-28T13:19:04","date_gmt":"2017-03-28T16:19:04","guid":{"rendered":"http:\/\/catolicanet.net\/wp-cnet\/2017\/03\/28\/justica-restaurativa-transformando-a-realidade-carceraria\/"},"modified":"2017-06-12T09:04:10","modified_gmt":"2017-06-12T12:04:10","slug":"justica-restaurativa-transformando-a-realidade-carceraria","status":"publish","type":"post","link":"https:\/\/catolicanet.net\/wp-cnet\/justica-restaurativa-transformando-a-realidade-carceraria\/","title":{"rendered":"Justi\u00e7a Restaurativa: transformando a realidade carcer\u00e1ria"},"content":{"rendered":"<p style=\"text-align: justify;\"><img decoding=\"async\" src=\"http:\/\/www.catolicanet.com.br\/images\/stories\/noticias2017\/1922246_articolo.jpg\" border=\"0\" align=\"left\" \/>Papa com os detentos da penitenci\u00e1ria de Mil\u00e3o<\/p>\n<p>Cidade do Vaticano (RV) \u2013 S\u00e1bado passado, por ocasi\u00e3o de sua visita a Mil\u00e3o, o Papa Francisco dedicou parte do seu dia aos detentos da penitenci\u00e1ria S\u00e3o V\u00edtor \u2013 a primeira visita de um Pont\u00edfice a esta pris\u00e3o.<\/p>\n<p>Longe das telec\u00e2meras, Francisco p\u00f4de conversar e almo\u00e7ar com os detentos \u2013 momento que o fez \u201csentir-se em casa\u201d, como disse o pr\u00f3prio Papa.<\/p>\n<p style=\"text-align: justify;\">\u00a0<\/p>\n<p style=\"text-align: justify;\"><a href=\"http:\/\/media02.radiovaticana.va\/audio\/audio2\/mp3\/00575467.mp3\">Clique aqui para ouvir:<\/a><\/p>\n<p style=\"text-align: justify;\">\u00a0<\/p>\n<p style=\"text-align: justify;\">A Igreja, atrav\u00e9s da Pastoral Carcer\u00e1ria, partilha desta mesma sensibilidade de Francisco e h\u00e1 anos acompanha os detentos.<\/p>\n<p>No Brasil, diante da crise penitenci\u00e1ria, prop\u00f5e um novo modelo de Justi\u00e7a: a Justi\u00e7a Restaurativa, que foi tema de um semin\u00e1rio internacional nos dias 23 e 24 de mar\u00e7o, em S\u00e3o Paulo.<\/p>\n<p>Com o t\u00edtulo \u201cDiversos Saberes dialogando para transformar realidades\u201d, o semin\u00e1rio contou a participa\u00e7\u00e3o de diversas personalidades brasileiras, al\u00e9m de dois\u00a0 especialistas do Canad\u00e1.<\/p>\n<p>Entre os relatores, estava Petronella Maria Bonen, da Congrega\u00e7\u00e3o das Servas do Esp\u00edrito Santo, Fundadora da linha de Pr\u00e1ticas Restaurativas do Centro de Direitos Humanos e Educa\u00e7\u00e3o Popular de Campo Limpo \u2013 SP. Em entrevista ao vice-coordenador da Pastoral Carcer\u00e1ria, Pe. Gianfranco Graziola, Petronella exp\u00f5e os fundamentos da Justi\u00e7a Restaurativa:<\/p>\n<p style=\"text-align: justify;\">\u00a0<\/p>\n<p style=\"text-align: justify;\"><a href=\"http:\/\/media02.radiovaticana.va\/audio\/audio2\/mp3\/00575452.mp3\">Clique aqui para ouvir:<\/a><\/p>\n<p style=\"text-align: justify;\">\u00a0<\/p>\n<p style=\"text-align: justify;\">Fonte: R\u00e1dio Vaticano<\/p>\n","protected":false},"excerpt":{"rendered":"<p>Papa com os detentos da penitenci\u00e1ria de Mil\u00e3o Cidade do Vaticano (RV) \u2013 S\u00e1bado passado, por ocasi\u00e3o de sua visita a Mil\u00e3o, o Papa Francisco dedicou parte do seu dia aos detentos da penitenci\u00e1ria S\u00e3o V\u00edtor \u2013 a primeira visita de um Pont\u00edfice a esta pris\u00e3o. Longe das telec\u00e2meras, Francisco p\u00f4de conversar e almo\u00e7ar com [&hellip;]<\/p>\n","protected":false},"author":1,"featured_media":29136,"comment_status":"open","ping_status":"open","sticky":false,"template":"","format":"standard","meta":{"footnotes":""},"categories":[3],"tags":[],"class_list":["post-29137","post","type-post","status-publish","format-standard","has-post-thumbnail","hentry","category-vaticano"],"_links":{"self":[{"href":"https:\/\/catolicanet.net\/wp-cnet\/wp-json\/wp\/v2\/posts\/29137","targetHints":{"allow":["GET"]}}],"collection":[{"href":"https:\/\/catolicanet.net\/wp-cnet\/wp-json\/wp\/v2\/posts"}],"about":[{"href":"https:\/\/catolicanet.net\/wp-cnet\/wp-json\/wp\/v2\/types\/post"}],"author":[{"embeddable":true,"href":"https:\/\/catolicanet.net\/wp-cnet\/wp-json\/wp\/v2\/users\/1"}],"replies":[{"embeddable":true,"href":"https:\/\/catolicanet.net\/wp-cnet\/wp-json\/wp\/v2\/comments?post=29137"}],"version-history":[{"count":1,"href":"https:\/\/catolicanet.net\/wp-cnet\/wp-json\/wp\/v2\/posts\/29137\/revisions"}],"predecessor-version":[{"id":31216,"href":"https:\/\/catolicanet.net\/wp-cnet\/wp-json\/wp\/v2\/posts\/29137\/revisions\/31216"}],"wp:featuredmedia":[{"embeddable":true,"href":"https:\/\/catolicanet.net\/wp-cnet\/wp-json\/wp\/v2\/media\/29136"}],"wp:attachment":[{"href":"https:\/\/catolicanet.net\/wp-cnet\/wp-json\/wp\/v2\/media?parent=29137"}],"wp:term":[{"taxonomy":"category","embeddable":true,"href":"https:\/\/catolicanet.net\/wp-cnet\/wp-json\/wp\/v2\/categories?post=29137"},{"taxonomy":"post_tag","embeddable":true,"href":"https:\/\/catolicanet.net\/wp-cnet\/wp-json\/wp\/v2\/tags?post=29137"}],"curies":[{"name":"wp","href":"https:\/\/api.w.org\/{rel}","templated":true}]}}