{"id":29135,"date":"2017-03-28T12:31:12","date_gmt":"2017-03-28T15:31:12","guid":{"rendered":"http:\/\/catolicanet.net\/wp-cnet\/2017\/03\/28\/papa-contra-as-armas-nucleares-a-paz-nao-se-constroi-sobre-o-medo\/"},"modified":"2017-06-12T09:04:43","modified_gmt":"2017-06-12T12:04:43","slug":"papa-contra-as-armas-nucleares-a-paz-nao-se-constroi-sobre-o-medo","status":"publish","type":"post","link":"https:\/\/catolicanet.net\/wp-cnet\/papa-contra-as-armas-nucleares-a-paz-nao-se-constroi-sobre-o-medo\/","title":{"rendered":"Papa contra as armas nucleares: a paz n\u00e3o se constr\u00f3i sobre o medo"},"content":{"rendered":"<p style=\"text-align: justify;\"><img decoding=\"async\" src=\"http:\/\/www.catolicanet.com.br\/images\/stories\/noticias2017\/ansa1141127_articolo.jpg\" border=\"0\" align=\"left\" \/>Cidade do Vaticano (RV) \u2013 O Papa Francisco enviou uma mensagem \u00e0 Confer\u00eancia da ONU sobre armas nucleares, em andamento em Nova Iorque de 27 a 31 de mar\u00e7o. A finalidade da Confer\u00eancia \u00e9 negociar um instrumento juridicamente vinculante sobre a proibi\u00e7\u00e3o das armas nucleares, que conduza \u00e0 sua total elimina\u00e7\u00e3o.<\/p>\n<p style=\"text-align: justify;\">\u00a0<\/p>\n<p style=\"text-align: justify;\"><a href=\"http:\/\/media02.radiovaticana.va\/audio\/audio2\/mp3\/00575464.mp3\">Clique aqui para ouvir:<\/a><\/p>\n<p style=\"text-align: justify;\">\u00a0<\/p>\n<p style=\"text-align: justify;\">Representando a Santa S\u00e9, participa do evento o Subsecret\u00e1rio das Rela\u00e7\u00f5es com os Estados, Mons. Antoine Camilleri, que leu a mensagem do Papa Francisco.<\/p>\n<p>No texto, o Pont\u00edfice cita os efeitos devastadores das armas nucleares e suas catastr\u00f3ficas consequ\u00eancias humanit\u00e1rias e ambientais para questionar a sustentabilidade de um equil\u00edbrio baseado no medo.<\/p>\n<p>\u201cA paz e a estabilidade internacionais n\u00e3o podem ser fundadas sobre um falso sentido de seguran\u00e7a, sobre a amea\u00e7a de uma destrui\u00e7\u00e3o rec\u00edproca ou de total aniquilamento, sobre a simples manuten\u00e7\u00e3o de um equil\u00edbrio de poder\u201d, afirma o Papa. Pelo contr\u00e1rio, a paz deve ser constru\u00edda sobre a justi\u00e7a, sobre o desenvolvimento humano integral, sobre o respeito dos direitos humanos fundamentais e da natureza.<\/p>\n<p>Portanto, nesta perspectiva, para Francisco \u00e9 preciso ir al\u00e9m da proibi\u00e7\u00e3o das armas nucleares, adotando estrat\u00e9gias de longo alcance para promover a paz e a estabilidade e evitar pol\u00edticas m\u00edopes aos problemas de seguran\u00e7a nacional e internacional, que ultrapassem o medo e o isolacionismo.<\/p>\n<p>Neste contexto, prossegue o Papa, \u201co objetivo final da elimina\u00e7\u00e3o das armas nucleares se torna seja um desafio, seja um imperativo moral e humanit\u00e1rio\u201d. Ainda na mensagem, o Pont\u00edfice insiste na necessidade do di\u00e1logo, da confian\u00e7a rec\u00edproca e do envolvimento de todos os Estados, que possuam ou n\u00e3o armas nucleares. \u201cA humanidade tem a capacidade de trabalhar junta para construir a nossa casa comum; temos a liberdade, a intelig\u00eancia e a capacidade de guiar e dirigir a tecnologia, assim como a de limitar o nosso poder e de coloc\u00e1-lo a servi\u00e7o de outro tipo de progresso: mais humano, mais social e mais integral.\u201d<\/p>\n<p>Por fim, Francisco faz votos de que a Confer\u00eancia seja prof\u00edcua e d\u00ea uma contribui\u00e7\u00e3o eficaz no avan\u00e7o da \u00e9tica da paz e da seguran\u00e7a cooperativa multicultural, \u201cde que a humanidade tanto necessita\u201d.<\/p>\n<p style=\"text-align: justify;\">\u00a0<\/p>\n<p style=\"text-align: justify;\">Fonte: R\u00e1dio Vaticano<\/p>\n","protected":false},"excerpt":{"rendered":"<p>Cidade do Vaticano (RV) \u2013 O Papa Francisco enviou uma mensagem \u00e0 Confer\u00eancia da ONU sobre armas nucleares, em andamento em Nova Iorque de 27 a 31 de mar\u00e7o. A finalidade da Confer\u00eancia \u00e9 negociar um instrumento juridicamente vinculante sobre a proibi\u00e7\u00e3o das armas nucleares, que conduza \u00e0 sua total elimina\u00e7\u00e3o. \u00a0 Clique aqui para [&hellip;]<\/p>\n","protected":false},"author":1,"featured_media":29134,"comment_status":"open","ping_status":"open","sticky":false,"template":"","format":"standard","meta":{"footnotes":""},"categories":[3],"tags":[],"class_list":["post-29135","post","type-post","status-publish","format-standard","has-post-thumbnail","hentry","category-vaticano"],"_links":{"self":[{"href":"https:\/\/catolicanet.net\/wp-cnet\/wp-json\/wp\/v2\/posts\/29135","targetHints":{"allow":["GET"]}}],"collection":[{"href":"https:\/\/catolicanet.net\/wp-cnet\/wp-json\/wp\/v2\/posts"}],"about":[{"href":"https:\/\/catolicanet.net\/wp-cnet\/wp-json\/wp\/v2\/types\/post"}],"author":[{"embeddable":true,"href":"https:\/\/catolicanet.net\/wp-cnet\/wp-json\/wp\/v2\/users\/1"}],"replies":[{"embeddable":true,"href":"https:\/\/catolicanet.net\/wp-cnet\/wp-json\/wp\/v2\/comments?post=29135"}],"version-history":[{"count":1,"href":"https:\/\/catolicanet.net\/wp-cnet\/wp-json\/wp\/v2\/posts\/29135\/revisions"}],"predecessor-version":[{"id":31217,"href":"https:\/\/catolicanet.net\/wp-cnet\/wp-json\/wp\/v2\/posts\/29135\/revisions\/31217"}],"wp:featuredmedia":[{"embeddable":true,"href":"https:\/\/catolicanet.net\/wp-cnet\/wp-json\/wp\/v2\/media\/29134"}],"wp:attachment":[{"href":"https:\/\/catolicanet.net\/wp-cnet\/wp-json\/wp\/v2\/media?parent=29135"}],"wp:term":[{"taxonomy":"category","embeddable":true,"href":"https:\/\/catolicanet.net\/wp-cnet\/wp-json\/wp\/v2\/categories?post=29135"},{"taxonomy":"post_tag","embeddable":true,"href":"https:\/\/catolicanet.net\/wp-cnet\/wp-json\/wp\/v2\/tags?post=29135"}],"curies":[{"name":"wp","href":"https:\/\/api.w.org\/{rel}","templated":true}]}}