{"id":29129,"date":"2017-03-27T19:52:52","date_gmt":"2017-03-27T22:52:52","guid":{"rendered":"http:\/\/catolicanet.net\/wp-cnet\/2017\/03\/27\/exposicao-didi-o-devoto-trapalhao-tem-entrada-gratuita-em-aparecida-sp\/"},"modified":"2017-06-12T09:06:47","modified_gmt":"2017-06-12T12:06:47","slug":"exposicao-didi-o-devoto-trapalhao-tem-entrada-gratuita-em-aparecida-sp","status":"publish","type":"post","link":"https:\/\/catolicanet.net\/wp-cnet\/exposicao-didi-o-devoto-trapalhao-tem-entrada-gratuita-em-aparecida-sp\/","title":{"rendered":"Exposi\u00e7\u00e3o \u2018Didi, o devoto trapalh\u00e3o\u2019 tem entrada gratuita em Aparecida (SP)"},"content":{"rendered":"<p style=\"text-align: justify;\"><img decoding=\"async\" src=\"http:\/\/www.catolicanet.com.br\/images\/stories\/noticias2017\/coroacao_ivan_simas_124.jpg\" border=\"0\" align=\"left\" \/>Os peregrinos que visitam o Santu\u00e1rio Nacional de Aparecida podem conferir gratuitamente uma exposi\u00e7\u00e3o especial em homenagem ao humorista Renato Arag\u00e3o no Memorial da Devo\u00e7\u00e3o.<\/p>\n<p>A exposi\u00e7\u00e3o \u2018Didi, o devoto trapalh\u00e3o\u2019\u00a0 apresenta a hist\u00f3ria profissional em homenagem aos 57 anos de carreira art\u00edstica e 40 anos de Trapalh\u00f5es, al\u00e9m de destacar a f\u00e9 e a devo\u00e7\u00e3o a Nossa Senhora Aparecida.<\/p>\n<p>A mostra conta com cerca de 130 itens do acervo pessoal do Renato Arag\u00e3o como homenagens recebidas, trof\u00e9us e materiais licenciados. A exposi\u00e7\u00e3o conta ainda com fotografias que fazem parte do acervo pessoal do Renato Arag\u00e3o e do fot\u00f3grafo Thiago Leon.<\/p>\n<p>Os visitantes podem conferir uma est\u00e1tua de cera do humorista em tamanho real. A est\u00e1tua foi vestida com uma roupa usada por Renato Arag\u00e3o em uma das edi\u00e7\u00f5es do \u2018Crian\u00e7a Esperan\u00e7a\u2019.\u00a0 <\/p>\n<p>A exposi\u00e7\u00e3o \u2018Didi, o devoto trapalh\u00e3o\u2019 est\u00e1 aberta para visita\u00e7\u00e3o at\u00e9 o dia 31 de julho no Memorial da Devo\u00e7\u00e3o, com entrada gratuita.<\/p>\n<p>O Memorial da Devo\u00e7\u00e3o fica no p\u00e1tio da Bas\u00edlica, ao lado do Centro de Apoio aos Romeiros. O funcionamento \u00e9 de segunda \u00e0 sexta-feira, no hor\u00e1rio das 9h \u00e0s 17h, s\u00e1bados das 8h \u00e0s 19h e domingos e feriados das 7h \u00e0s 18h. Mais informa\u00e7\u00f5es pelo telefone (12) 3104-3536.<\/p>\n<p>Festival \u2018Didivers\u00e3o\u2019 <\/p>\n<p>A TV Aparecida exibe, todos os domingos e quartas-feiras, o especial \u2018Didivers\u00e3o\u2019 com a veicula\u00e7\u00e3o de uma s\u00e9rie de filmes estrelados por Didi, Ded\u00e9, Mussum e Zacarias.<\/p>\n<p>Ser\u00e3o ao todo 12 filmes, licenciados pela Renato Arag\u00e3o Produ\u00e7\u00f5es Art\u00edsticas, dentre eles est\u00e3o os cl\u00e1ssicos &#8216;Os Saltimbancos Trapalh\u00f5es&#8217;, &#8216;Os Trapalh\u00f5es na Serra Pelada&#8217; e &#8216;Os Trapalh\u00f5es e a \u00c1rvore da Juventude&#8217;.<\/p>\n<p>Todos os domingos ao 12h30, com reprise \u00e0s quartas-feiras \u00e0s 20h, o telespectador da TV Aparecida vai se divertir com um dos filmes dessa trupe que marcou gera\u00e7\u00f5es.<\/p>\n<p>A exibi\u00e7\u00e3o dos filmes do &#8216;Didivers\u00e3o&#8217; na TV Aparecida, conta com recursos de acessibilidade como closed caption (legenda oculta) e audiodescri\u00e7\u00e3o.<\/p>\n<p style=\"text-align: justify;\">\u00a0<\/p>\n<p style=\"text-align: justify;\">Fonte: Santu\u00e1rio Nacional<\/p>\n","protected":false},"excerpt":{"rendered":"<p>Os peregrinos que visitam o Santu\u00e1rio Nacional de Aparecida podem conferir gratuitamente uma exposi\u00e7\u00e3o especial em homenagem ao humorista Renato Arag\u00e3o no Memorial da Devo\u00e7\u00e3o. A exposi\u00e7\u00e3o \u2018Didi, o devoto trapalh\u00e3o\u2019\u00a0 apresenta a hist\u00f3ria profissional em homenagem aos 57 anos de carreira art\u00edstica e 40 anos de Trapalh\u00f5es, al\u00e9m de destacar a f\u00e9 e a [&hellip;]<\/p>\n","protected":false},"author":1,"featured_media":29128,"comment_status":"open","ping_status":"open","sticky":false,"template":"","format":"standard","meta":{"footnotes":""},"categories":[4],"tags":[],"class_list":["post-29129","post","type-post","status-publish","format-standard","has-post-thumbnail","hentry","category-cotidiano"],"_links":{"self":[{"href":"https:\/\/catolicanet.net\/wp-cnet\/wp-json\/wp\/v2\/posts\/29129","targetHints":{"allow":["GET"]}}],"collection":[{"href":"https:\/\/catolicanet.net\/wp-cnet\/wp-json\/wp\/v2\/posts"}],"about":[{"href":"https:\/\/catolicanet.net\/wp-cnet\/wp-json\/wp\/v2\/types\/post"}],"author":[{"embeddable":true,"href":"https:\/\/catolicanet.net\/wp-cnet\/wp-json\/wp\/v2\/users\/1"}],"replies":[{"embeddable":true,"href":"https:\/\/catolicanet.net\/wp-cnet\/wp-json\/wp\/v2\/comments?post=29129"}],"version-history":[{"count":1,"href":"https:\/\/catolicanet.net\/wp-cnet\/wp-json\/wp\/v2\/posts\/29129\/revisions"}],"predecessor-version":[{"id":31220,"href":"https:\/\/catolicanet.net\/wp-cnet\/wp-json\/wp\/v2\/posts\/29129\/revisions\/31220"}],"wp:featuredmedia":[{"embeddable":true,"href":"https:\/\/catolicanet.net\/wp-cnet\/wp-json\/wp\/v2\/media\/29128"}],"wp:attachment":[{"href":"https:\/\/catolicanet.net\/wp-cnet\/wp-json\/wp\/v2\/media?parent=29129"}],"wp:term":[{"taxonomy":"category","embeddable":true,"href":"https:\/\/catolicanet.net\/wp-cnet\/wp-json\/wp\/v2\/categories?post=29129"},{"taxonomy":"post_tag","embeddable":true,"href":"https:\/\/catolicanet.net\/wp-cnet\/wp-json\/wp\/v2\/tags?post=29129"}],"curies":[{"name":"wp","href":"https:\/\/api.w.org\/{rel}","templated":true}]}}