{"id":29074,"date":"2017-03-24T17:28:58","date_gmt":"2017-03-24T20:28:58","guid":{"rendered":"http:\/\/catolicanet.net\/wp-cnet\/2017\/03\/24\/faleceu-o-card-keeler-conhecido-pelo-dialogo-com-os-hebreus\/"},"modified":"2017-06-12T09:47:24","modified_gmt":"2017-06-12T12:47:24","slug":"faleceu-o-card-keeler-conhecido-pelo-dialogo-com-os-hebreus","status":"publish","type":"post","link":"https:\/\/catolicanet.net\/wp-cnet\/faleceu-o-card-keeler-conhecido-pelo-dialogo-com-os-hebreus\/","title":{"rendered":"Faleceu o Card. Keeler, conhecido pelo di\u00e1logo com os hebreus"},"content":{"rendered":"<p style=\"text-align: justify;\"><img decoding=\"async\" src=\"http:\/\/www.catolicanet.com.br\/images\/stories\/cardeais\/ap3910867_articolo.jpg\" border=\"0\" align=\"left\" \/>Baltimor (RV) &#8211; Faleceu nesta quinta-feira (23), o cardeal estadunidense William Henry Keeler, Arcebispo em\u00e9rito de Baltimor, ele tinha 86 anos. Ordenado sacerdote no dia 17 julho de 1955 na Igreja dos Santos Ap\u00f3stolos, em Roma, participou como especialista nos trabalhos do Conc\u00edlio Vaticano II.<\/p>\n<p>Em 1979 ele foi consagrado bispo, como Auxiliar da Diocese de Harrisburg, que, depois guiou em desde 1983. Seis anos mais tarde ele se tornou Arcebispo de Baltimor, a sede mais antiga dos Estados Unidos (1989-2007). Em 1992, foi eleito presidente da Confer\u00eancia Nacional dos Bispos Cat\u00f3licos (NCCB), cargo que ocupou at\u00e9 1995.<\/p>\n<p>Foi muito ativo no trabalho de promo\u00e7\u00e3o de um verdadeiro di\u00e1logo entre cat\u00f3licos e judeus. Esteve envolvido no campo da evangeliza\u00e7\u00e3o e da educa\u00e7\u00e3o cat\u00f3lica. Grande tamb\u00e9m o seu compromisso em defesa da vida, da fam\u00edlia e dos sem-teto. Jo\u00e3o Paulo II o criou cardeal no Consist\u00f3rio de 26 de novembro de 1994.<\/p>\n<p>Com a morte de Dom Keeler, o Col\u00e9gio Cardinal\u00edcio agora \u00e9 composto no total de 223 cardeais, 117 eleitores e 106 n\u00e3o eleitores num eventual Conclave.<\/p>\n<p style=\"text-align: justify;\">\u00a0<\/p>\n<p style=\"text-align: justify;\">Fonte: R\u00e1dio VAticano<\/p>\n","protected":false},"excerpt":{"rendered":"<p>Baltimor (RV) &#8211; Faleceu nesta quinta-feira (23), o cardeal estadunidense William Henry Keeler, Arcebispo em\u00e9rito de Baltimor, ele tinha 86 anos. Ordenado sacerdote no dia 17 julho de 1955 na Igreja dos Santos Ap\u00f3stolos, em Roma, participou como especialista nos trabalhos do Conc\u00edlio Vaticano II. Em 1979 ele foi consagrado bispo, como Auxiliar da Diocese [&hellip;]<\/p>\n","protected":false},"author":1,"featured_media":29073,"comment_status":"open","ping_status":"open","sticky":false,"template":"","format":"standard","meta":{"footnotes":""},"categories":[4],"tags":[],"class_list":["post-29074","post","type-post","status-publish","format-standard","has-post-thumbnail","hentry","category-cotidiano"],"_links":{"self":[{"href":"https:\/\/catolicanet.net\/wp-cnet\/wp-json\/wp\/v2\/posts\/29074","targetHints":{"allow":["GET"]}}],"collection":[{"href":"https:\/\/catolicanet.net\/wp-cnet\/wp-json\/wp\/v2\/posts"}],"about":[{"href":"https:\/\/catolicanet.net\/wp-cnet\/wp-json\/wp\/v2\/types\/post"}],"author":[{"embeddable":true,"href":"https:\/\/catolicanet.net\/wp-cnet\/wp-json\/wp\/v2\/users\/1"}],"replies":[{"embeddable":true,"href":"https:\/\/catolicanet.net\/wp-cnet\/wp-json\/wp\/v2\/comments?post=29074"}],"version-history":[{"count":1,"href":"https:\/\/catolicanet.net\/wp-cnet\/wp-json\/wp\/v2\/posts\/29074\/revisions"}],"predecessor-version":[{"id":31252,"href":"https:\/\/catolicanet.net\/wp-cnet\/wp-json\/wp\/v2\/posts\/29074\/revisions\/31252"}],"wp:featuredmedia":[{"embeddable":true,"href":"https:\/\/catolicanet.net\/wp-cnet\/wp-json\/wp\/v2\/media\/29073"}],"wp:attachment":[{"href":"https:\/\/catolicanet.net\/wp-cnet\/wp-json\/wp\/v2\/media?parent=29074"}],"wp:term":[{"taxonomy":"category","embeddable":true,"href":"https:\/\/catolicanet.net\/wp-cnet\/wp-json\/wp\/v2\/categories?post=29074"},{"taxonomy":"post_tag","embeddable":true,"href":"https:\/\/catolicanet.net\/wp-cnet\/wp-json\/wp\/v2\/tags?post=29074"}],"curies":[{"name":"wp","href":"https:\/\/api.w.org\/{rel}","templated":true}]}}