{"id":29072,"date":"2017-03-24T14:49:23","date_gmt":"2017-03-24T17:49:23","guid":{"rendered":"http:\/\/catolicanet.net\/wp-cnet\/2017\/03\/24\/card-peter-turkson-qagua-nao-e-mercadoriaq\/"},"modified":"2017-06-12T09:48:22","modified_gmt":"2017-06-12T12:48:22","slug":"card-peter-turkson-qagua-nao-e-mercadoriaq","status":"publish","type":"post","link":"https:\/\/catolicanet.net\/wp-cnet\/card-peter-turkson-qagua-nao-e-mercadoriaq\/","title":{"rendered":"Card. Peter Turkson: &#8220;\u00e1gua n\u00e3o \u00e9 mercadoria&#8221;"},"content":{"rendered":"<p style=\"text-align: justify;\"><img decoding=\"async\" src=\"http:\/\/www.catolicanet.com.br\/images\/stories\/noticias2017\/ap2323806_articolo.jpg\" border=\"0\" align=\"left\" \/>Cidade do Vaticano (RV) \u2013 \u201cA \u00e1gua n\u00e3o pode ser considerada como uma mercadoria comercial. A \u00e1gua \u00e9 um direito\u201d: em pronunciamento feito quarta-feira (22\/03) no congresso internacional organizado pelo Pontif\u00edcio Conselho da Cultura, no Dia Mundial da \u00c1gua, o Cardeal Peter Kodwo Appiah Turkson evidenciou o grande desafio que envolve a comunidade humana e que coloca em risco a dignidade das pessoas e a busca do bem comum.<\/p>\n<p>A \u00e1gua, como disse o prefeito do Dicast\u00e9rio para o servi\u00e7o do desenvolvimento humano integral, \u201c\u00e9 um bem comum; pertence a todos porque \u00e9 um recurso da natureza e n\u00e3o pode ser monetizado\u201d.<\/p>\n<p>\u201cComo dizer a algu\u00e9m que n\u00e3o pode ter \u00e1gua se n\u00e3o pagar por ela?\u201d, questionou o cardeal.<\/p>\n<p>No entanto, o acesso n\u00e3o \u00e9 igual para todos e, segundo dados da FAO, mais de 600 milh\u00f5es de pessoas n\u00e3o t\u00eam esta oportunidade. Al\u00e9m disso, as previs\u00f5es para o pr\u00f3ximo futuro n\u00e3o oferecem esperan\u00e7as: calcula-se que em 2050 a popula\u00e7\u00e3o mundial chegar\u00e1 a 9 bilh\u00f5es de pessoas, em meio \u00e0s mudan\u00e7as clim\u00e1ticas que causam a redu\u00e7\u00e3o dr\u00e1stica das chuvas tropicais. O risco j\u00e1 foi advertido pelo Papa: o de uma \u201cgrande guerra mundial pela \u00e1gua\u201d.<\/p>\n<p>Em sua palestra, o Cardeal Turkson se disse preocupado pelo fato que o acesso \u00e0 \u00e1gua est\u00e1 se tornando um motivo de conflito e um \u201cinstrumento de guerra\u201d.<\/p>\n<p>Para o Cardeal Gianfranco Ravasi, presidente do Dicast\u00e9rio da Cultura, \u201ca \u00e1gua \u00e9 sem d\u00favida um dos s\u00edmbolos arqu\u00e9tipos da humanidade, s\u00edmbolo em todas as religi\u00f5es de catarse e purifica\u00e7\u00e3o, mas tamb\u00e9m de fecundidade e vida nova\u201d.<\/p>\n<p style=\"text-align: justify;\">\u00a0<\/p>\n<p style=\"text-align: justify;\">Fonte: R\u00e1dio Vaticano<\/p>\n","protected":false},"excerpt":{"rendered":"<p>Cidade do Vaticano (RV) \u2013 \u201cA \u00e1gua n\u00e3o pode ser considerada como uma mercadoria comercial. A \u00e1gua \u00e9 um direito\u201d: em pronunciamento feito quarta-feira (22\/03) no congresso internacional organizado pelo Pontif\u00edcio Conselho da Cultura, no Dia Mundial da \u00c1gua, o Cardeal Peter Kodwo Appiah Turkson evidenciou o grande desafio que envolve a comunidade humana e [&hellip;]<\/p>\n","protected":false},"author":1,"featured_media":20274,"comment_status":"open","ping_status":"open","sticky":false,"template":"","format":"standard","meta":{"footnotes":""},"categories":[3],"tags":[],"class_list":["post-29072","post","type-post","status-publish","format-standard","has-post-thumbnail","hentry","category-vaticano"],"_links":{"self":[{"href":"https:\/\/catolicanet.net\/wp-cnet\/wp-json\/wp\/v2\/posts\/29072","targetHints":{"allow":["GET"]}}],"collection":[{"href":"https:\/\/catolicanet.net\/wp-cnet\/wp-json\/wp\/v2\/posts"}],"about":[{"href":"https:\/\/catolicanet.net\/wp-cnet\/wp-json\/wp\/v2\/types\/post"}],"author":[{"embeddable":true,"href":"https:\/\/catolicanet.net\/wp-cnet\/wp-json\/wp\/v2\/users\/1"}],"replies":[{"embeddable":true,"href":"https:\/\/catolicanet.net\/wp-cnet\/wp-json\/wp\/v2\/comments?post=29072"}],"version-history":[{"count":1,"href":"https:\/\/catolicanet.net\/wp-cnet\/wp-json\/wp\/v2\/posts\/29072\/revisions"}],"predecessor-version":[{"id":31253,"href":"https:\/\/catolicanet.net\/wp-cnet\/wp-json\/wp\/v2\/posts\/29072\/revisions\/31253"}],"wp:featuredmedia":[{"embeddable":true,"href":"https:\/\/catolicanet.net\/wp-cnet\/wp-json\/wp\/v2\/media\/20274"}],"wp:attachment":[{"href":"https:\/\/catolicanet.net\/wp-cnet\/wp-json\/wp\/v2\/media?parent=29072"}],"wp:term":[{"taxonomy":"category","embeddable":true,"href":"https:\/\/catolicanet.net\/wp-cnet\/wp-json\/wp\/v2\/categories?post=29072"},{"taxonomy":"post_tag","embeddable":true,"href":"https:\/\/catolicanet.net\/wp-cnet\/wp-json\/wp\/v2\/tags?post=29072"}],"curies":[{"name":"wp","href":"https:\/\/api.w.org\/{rel}","templated":true}]}}