{"id":29060,"date":"2017-03-23T20:08:38","date_gmt":"2017-03-23T23:08:38","guid":{"rendered":"http:\/\/catolicanet.net\/wp-cnet\/2017\/03\/23\/europaitalia-xxv-dia-dos-missionarios-martires-nao-tenham-medo\/"},"modified":"2017-06-12T09:56:01","modified_gmt":"2017-06-12T12:56:01","slug":"europaitalia-xxv-dia-dos-missionarios-martires-nao-tenham-medo","status":"publish","type":"post","link":"https:\/\/catolicanet.net\/wp-cnet\/europaitalia-xxv-dia-dos-missionarios-martires-nao-tenham-medo\/","title":{"rendered":"EUROPA\/IT\u00c1LIA &#8211; XXV Dia dos Mission\u00e1rios M\u00e1rtires: \u201cN\u00e3o tenham medo\u201d"},"content":{"rendered":"<p style=\"text-align: justify;\"><img decoding=\"async\" src=\"http:\/\/www.catolicanet.com.br\/images\/stories\/noticias2017\/primopiano_3642-.jpg\" border=\"0\" align=\"left\" \/>Roma (Ag\u00eancia Fides) \u2013 \u201cN\u00e3o tenham medo\u201d \u00e9 o convite vis\u00edvel em toda teofania e \u00e9 a frase que repete Jesus Ressuscitado todas as vezes em que aparece a seus disc\u00edpulos. Um convite que ajuda a enfrentar momentos sombrios, dif\u00edceis, de persegui\u00e7\u00e3o, sabendo que o Senhor est\u00e1 sempre ao lado de cada um de n\u00f3s&#8230; E devendo imaginar a vida de um m\u00e1rtir momentos antes do pr\u00f3prio mart\u00edrio, \u00e9 bom acreditar que esta frase seja a mais ouvida de Jesus, que os acompanha at\u00e9 o extremo de seu testemunho\u201d. \u00c9 o que escreve Alez Zappal\u00e0 ilustrando o tema da XXV Jornada de ora\u00e7\u00e3o e jejum em mem\u00f3ria dos Mission\u00e1rios M\u00e1rtires \u201cN\u00e3o tenham medo\u201d, que ser\u00e1 celebrada em 24 de mar\u00e7o. A data foi escolhida pelo Movimento Juvenil das Pontif\u00edcias Obras Mission\u00e1rias italianas recordando que naquele mesmo dia do ano 1980 foi assassinado Dom Oscar Arnulfo Romero, Arcebispo de S\u00e3o Salvador, beatificado em 23 de maio de 2015. A Jornada \u00e9 celebrada em diversos pa\u00edses do mundo, promovida por dioceses, institutos religiosos e realidades mission\u00e1rias.<br \/>Recordando que em 1\u00b0 de dezembro de 2016 foi o primeiro centen\u00e1rio do mart\u00edrio do Beato Charles de Foucald, pe. Michele Autuoro, diretor de Missio, sublinha que \u201ca vida doada por tantos nossos irm\u00e3os e irm\u00e3s, at\u00e9 o mart\u00edrio, n\u00e3o \u00e9 mais do que a extrema consequ\u00eancia de quem n\u00e3o optou pela honra, mas pela dedica\u00e7\u00e3o total, sem comodidades e seguran\u00e7a e, \u00e0s custas de qualquer sacrif\u00edcio, a doar a plenitude de vida de Jesus. N\u00e3o her\u00f3is, mas homens e mulheres cuja vida foi entregue ao Evangelho e que, como Jesus, nos repetem \u2018N\u00e3o tenham medo&#8230; somos sempre servos in\u00fateis\u2019.<br \/>O material para a anima\u00e7\u00e3o mission\u00e1ria do Dia prop\u00f5e um gesto de solidariedade, espiritual e material, com a S\u00edria, martirizada por anos de guerra, respondendo assim ao apelo de Dom Marayati, que governa a Arquieparquia de Aleppo, para a reconstru\u00e7\u00e3o da Catedral e da escola diocesana Al Imane. Tamb\u00e9m foi preparado o texto para uma Via Sacra que se inspira na enc\u00edclica Laudato si e para uma Vig\u00edlia de ora\u00e7\u00e3o em mem\u00f3ria dos mission\u00e1rios m\u00e1rtires. S\u00e3o tamb\u00e9m apresentadas propostas de filmes para um cine f\u00f3rum sobre o tema.<\/p>\n<p style=\"text-align: justify;\">\u00a0<\/p>\n<p style=\"text-align: justify;\">Fonte: Ag\u00eancia Fides<\/p>\n","protected":false},"excerpt":{"rendered":"<p>Roma (Ag\u00eancia Fides) \u2013 \u201cN\u00e3o tenham medo\u201d \u00e9 o convite vis\u00edvel em toda teofania e \u00e9 a frase que repete Jesus Ressuscitado todas as vezes em que aparece a seus disc\u00edpulos. Um convite que ajuda a enfrentar momentos sombrios, dif\u00edceis, de persegui\u00e7\u00e3o, sabendo que o Senhor est\u00e1 sempre ao lado de cada um de n\u00f3s&#8230; [&hellip;]<\/p>\n","protected":false},"author":1,"featured_media":29059,"comment_status":"open","ping_status":"open","sticky":false,"template":"","format":"standard","meta":{"footnotes":""},"categories":[4],"tags":[],"class_list":["post-29060","post","type-post","status-publish","format-standard","has-post-thumbnail","hentry","category-cotidiano"],"_links":{"self":[{"href":"https:\/\/catolicanet.net\/wp-cnet\/wp-json\/wp\/v2\/posts\/29060","targetHints":{"allow":["GET"]}}],"collection":[{"href":"https:\/\/catolicanet.net\/wp-cnet\/wp-json\/wp\/v2\/posts"}],"about":[{"href":"https:\/\/catolicanet.net\/wp-cnet\/wp-json\/wp\/v2\/types\/post"}],"author":[{"embeddable":true,"href":"https:\/\/catolicanet.net\/wp-cnet\/wp-json\/wp\/v2\/users\/1"}],"replies":[{"embeddable":true,"href":"https:\/\/catolicanet.net\/wp-cnet\/wp-json\/wp\/v2\/comments?post=29060"}],"version-history":[{"count":1,"href":"https:\/\/catolicanet.net\/wp-cnet\/wp-json\/wp\/v2\/posts\/29060\/revisions"}],"predecessor-version":[{"id":31261,"href":"https:\/\/catolicanet.net\/wp-cnet\/wp-json\/wp\/v2\/posts\/29060\/revisions\/31261"}],"wp:featuredmedia":[{"embeddable":true,"href":"https:\/\/catolicanet.net\/wp-cnet\/wp-json\/wp\/v2\/media\/29059"}],"wp:attachment":[{"href":"https:\/\/catolicanet.net\/wp-cnet\/wp-json\/wp\/v2\/media?parent=29060"}],"wp:term":[{"taxonomy":"category","embeddable":true,"href":"https:\/\/catolicanet.net\/wp-cnet\/wp-json\/wp\/v2\/categories?post=29060"},{"taxonomy":"post_tag","embeddable":true,"href":"https:\/\/catolicanet.net\/wp-cnet\/wp-json\/wp\/v2\/tags?post=29060"}],"curies":[{"name":"wp","href":"https:\/\/api.w.org\/{rel}","templated":true}]}}