{"id":29058,"date":"2017-03-23T20:04:59","date_gmt":"2017-03-23T23:04:59","guid":{"rendered":"http:\/\/catolicanet.net\/wp-cnet\/2017\/03\/23\/americaguatemala-dom-ramazzini-o-pais-depende-economicamente-das-remessas-dos-trabalhadores-nos-estados-unidos\/"},"modified":"2017-06-12T09:56:51","modified_gmt":"2017-06-12T12:56:51","slug":"americaguatemala-dom-ramazzini-o-pais-depende-economicamente-das-remessas-dos-trabalhadores-nos-estados-unidos","status":"publish","type":"post","link":"https:\/\/catolicanet.net\/wp-cnet\/americaguatemala-dom-ramazzini-o-pais-depende-economicamente-das-remessas-dos-trabalhadores-nos-estados-unidos\/","title":{"rendered":"AM\u00c9RICA\/GUATEMALA &#8211; Dom Ramazzini: o pa\u00eds depende economicamente das remessas dos trabalhadores nos Estados Unidos"},"content":{"rendered":"<p style=\"text-align: justify;\"><img decoding=\"async\" src=\"http:\/\/www.catolicanet.com.br\/images\/stories\/noticias2017\/primopiano_3644.jpg\" border=\"0\" align=\"left\" \/>Berna (Ag\u00eancia Fides) \u2013 O Bispo da diocese de Huehuetenango, na Guatemala, Dom Alvaro Ramazzini Imeri, participou nos dias passados de uma mesa-redonda no Parlamento Europeu, em Bruxelas, que promoveu um estudo sobre o com\u00e9rcio e direitos humanos na Am\u00e9rica Latina, impulsionado pela CIDSE, rede de 17 ag\u00eancias de desenvolvimento cat\u00f3licas da Europa e da Am\u00e9rica do Norte. Ontem, Dom Ramazzini Imeri foi at\u00e9 Berna, na Su\u00ed\u00e7a, onde visitou a sede de um grupo de Ongs engajadas na ajuda \u00e0 Guatemala.<br \/>Na ocasi\u00e3o, o Bispo declarou que a situa\u00e7\u00e3o do pa\u00eds centro-americano \u00e9 sempre mais dif\u00edcil. Sobre a pol\u00edtica do novo presidente dos EUA, Dom Ramazzini Imeri disse: &#8220;Se o Senhor Trump fizer aquilo que antecipou sobre a imigra\u00e7\u00e3o, isso pode ser dram\u00e1tico para a Guatemala. \u00c9 preciso considerar que, em 2016, as remessas por parte dos migrantes guatemaltecos que trabalham nos Estados Unidos alcan\u00e7aram mais de 6.400 milh\u00f5es de d\u00f3lares. Se o pa\u00eds n\u00e3o faliu \u00e9 em grande parte gra\u00e7as a essas entradas. Se forem reduzidas, cortadas ou taxadas, as consequ\u00eancias seriam desastrosas. A nossa atual situa\u00e7\u00e3o social, unida \u00e0quela de El Salvador, Honduras e M\u00e9xico, poderia antecipar novos focos de guerra civil. Talvez tenha uma vis\u00e3o muito pessimista, mas os sinais atuais n\u00e3o s\u00e3o bons e o fechamento \u00e0 migra\u00e7\u00e3o ter\u00e1 consequ\u00eancias inimagin\u00e1veis&#8221;.<br \/>No seu col\u00f3quio com swissinfo, o portal de informa\u00e7\u00e3o su\u00ed\u00e7o, o Bispo evidenciou sinais de esperan\u00e7a: &#8220;Como Confer\u00eancia Episcopal, mantemos a nossa atitude de den\u00fancia e de convite ao di\u00e1logo entre todos os setores. N\u00f3s nos propomos como pontes de comunica\u00e7\u00e3o para encorajar encontros. Estamos presentes para acompanhar o povo, buscando reorientar os que falam de viol\u00eancia. E nos sentimos refor\u00e7ados e em sintonia com o Papa Francisco&#8221;.<\/p>\n<p style=\"text-align: justify;\">\u00a0<\/p>\n<p style=\"text-align: justify;\">Fonte: Ag\u00eancia Fides<\/p>\n","protected":false},"excerpt":{"rendered":"<p>Berna (Ag\u00eancia Fides) \u2013 O Bispo da diocese de Huehuetenango, na Guatemala, Dom Alvaro Ramazzini Imeri, participou nos dias passados de uma mesa-redonda no Parlamento Europeu, em Bruxelas, que promoveu um estudo sobre o com\u00e9rcio e direitos humanos na Am\u00e9rica Latina, impulsionado pela CIDSE, rede de 17 ag\u00eancias de desenvolvimento cat\u00f3licas da Europa e da [&hellip;]<\/p>\n","protected":false},"author":1,"featured_media":29057,"comment_status":"open","ping_status":"open","sticky":false,"template":"","format":"standard","meta":{"footnotes":""},"categories":[4],"tags":[],"class_list":["post-29058","post","type-post","status-publish","format-standard","has-post-thumbnail","hentry","category-cotidiano"],"_links":{"self":[{"href":"https:\/\/catolicanet.net\/wp-cnet\/wp-json\/wp\/v2\/posts\/29058","targetHints":{"allow":["GET"]}}],"collection":[{"href":"https:\/\/catolicanet.net\/wp-cnet\/wp-json\/wp\/v2\/posts"}],"about":[{"href":"https:\/\/catolicanet.net\/wp-cnet\/wp-json\/wp\/v2\/types\/post"}],"author":[{"embeddable":true,"href":"https:\/\/catolicanet.net\/wp-cnet\/wp-json\/wp\/v2\/users\/1"}],"replies":[{"embeddable":true,"href":"https:\/\/catolicanet.net\/wp-cnet\/wp-json\/wp\/v2\/comments?post=29058"}],"version-history":[{"count":1,"href":"https:\/\/catolicanet.net\/wp-cnet\/wp-json\/wp\/v2\/posts\/29058\/revisions"}],"predecessor-version":[{"id":31262,"href":"https:\/\/catolicanet.net\/wp-cnet\/wp-json\/wp\/v2\/posts\/29058\/revisions\/31262"}],"wp:featuredmedia":[{"embeddable":true,"href":"https:\/\/catolicanet.net\/wp-cnet\/wp-json\/wp\/v2\/media\/29057"}],"wp:attachment":[{"href":"https:\/\/catolicanet.net\/wp-cnet\/wp-json\/wp\/v2\/media?parent=29058"}],"wp:term":[{"taxonomy":"category","embeddable":true,"href":"https:\/\/catolicanet.net\/wp-cnet\/wp-json\/wp\/v2\/categories?post=29058"},{"taxonomy":"post_tag","embeddable":true,"href":"https:\/\/catolicanet.net\/wp-cnet\/wp-json\/wp\/v2\/tags?post=29058"}],"curies":[{"name":"wp","href":"https:\/\/api.w.org\/{rel}","templated":true}]}}