{"id":29056,"date":"2017-03-23T19:59:11","date_gmt":"2017-03-23T22:59:11","guid":{"rendered":"http:\/\/catolicanet.net\/wp-cnet\/2017\/03\/23\/grupos-pro-vida-apoiam-juiz-nomeado-por-trump-para-a-suprema-corte-dos-eua\/"},"modified":"2017-06-12T09:57:27","modified_gmt":"2017-06-12T12:57:27","slug":"grupos-pro-vida-apoiam-juiz-nomeado-por-trump-para-a-suprema-corte-dos-eua","status":"publish","type":"post","link":"https:\/\/catolicanet.net\/wp-cnet\/grupos-pro-vida-apoiam-juiz-nomeado-por-trump-para-a-suprema-corte-dos-eua\/","title":{"rendered":"Grupos pr\u00f3-vida apoiam juiz nomeado por Trump para a Suprema Corte dos EUA"},"content":{"rendered":"<p style=\"text-align: justify;\"><img decoding=\"async\" src=\"http:\/\/www.catolicanet.com.br\/images\/stories\/noticias2017\/neilgorsuch.jpg\" border=\"0\" align=\"left\" \/>WASHINGTON DC, 23 Mar. 17 \/ 04:30 pm (ACI).- O juiz Neil Gorsuch merece uma \u201cconfirma\u00e7\u00e3o r\u00e1pida\u201d para a Suprema Corte dos Estados Unidos, asseguraram os l\u00edderes pr\u00f3-fam\u00edlia e pr\u00f3-vida do pa\u00eds.<\/p>\n<p>\u201cNeil Gorsuch provou ser um defensor dos direitos humanos mais b\u00e1sicos\u201d, assinalaram os signat\u00e1rios de uma carta compilada pela plataforma Susan B. Anthony List, dirigida aos senadores norte-americanos.<\/p>\n<p>A carta, divulgada no dia 20 de mar\u00e7o, citou um trecho do livro \u201cO futuro do suic\u00eddio assistido e da eutan\u00e1sia\u201d de Gorsuch, na qual disse que \u201ca vida humana \u00e9 fundamental e inerentemente valiosa e a priva\u00e7\u00e3o intencional da vida humana por pessoas determinadas \u00e9 sempre errada\u201d.<\/p>\n<p>Mais de 50 l\u00edderes assinaram esta carta, incluindo os representantes de Susan B. Anthony Lista, Live Action, National Right to Life, Studantes for Life e grupos pr\u00f3-vida e pr\u00f3-fam\u00edlia estaduais.<\/p>\n<p>Os signat\u00e1rios elogiaram Gorsuch como um nomeado inteligente e imparcial, com um temperamento adequado, citando a sua confirma\u00e7\u00e3o por unanimidade em 2006, no Senado, para o seu cargo atual na Corte de Apela\u00e7\u00f5es do 10\u00ba Circuito dos Estados Unidos.<\/p>\n<p>\u201cAcreditamos que as opini\u00f5es reflexivas do juiz Gorsuch iluminam como definir\u00edamos dif\u00edceis quest\u00f5es na Suprema Corte\u201d, assinalaram.<\/p>\n<p>Se for aprovado pelo Senado, a presen\u00e7a de Gorsuch na Corte Suprema poderia afetar casos importantes que envolvem a liberdade religiosa e o aborto legal, entre outros.<\/p>\n<p>De acordo com a carta do dia 20 de mar\u00e7o, Gorsuch aplicaria uma abordagem \u201coriginalista\u201d \u00e0 Constitui\u00e7\u00e3o dos Estados Unidos e respeitaria a separa\u00e7\u00e3o de poderes, seguindo a tradi\u00e7\u00e3o do falecido juiz da Suprema Corte, Antonin Scalia.<\/p>\n<p>V\u00e1rios signat\u00e1rios da carta, entre eles Marjorie Dannenfelser de Susan B. Anthony Lista e o Pe. Frank Pavone, de Priests for Life (Sacerdotes pela Vida), fizeram parte do conselho de assessoria cat\u00f3lica do Presidente Donald Trump durante a campanha eleitoral de 2016.<\/p>\n<p>Gorsuch, episcopaliano, estudou na Universidade de Columbia e na Escola de Direito de Harvard.<\/p>\n<p>Cursou doutorado na Universidade de Oxford, onde seus estudos foram supervisionados por John Finnis, influente fil\u00f3sofo legal cat\u00f3lico e te\u00f3rico do direito natural.<\/p>\n<p style=\"text-align: justify;\">\u00a0<\/p>\n<p style=\"text-align: justify;\">Fonte: Acidigital<\/p>\n","protected":false},"excerpt":{"rendered":"<p>WASHINGTON DC, 23 Mar. 17 \/ 04:30 pm (ACI).- O juiz Neil Gorsuch merece uma \u201cconfirma\u00e7\u00e3o r\u00e1pida\u201d para a Suprema Corte dos Estados Unidos, asseguraram os l\u00edderes pr\u00f3-fam\u00edlia e pr\u00f3-vida do pa\u00eds. \u201cNeil Gorsuch provou ser um defensor dos direitos humanos mais b\u00e1sicos\u201d, assinalaram os signat\u00e1rios de uma carta compilada pela plataforma Susan B. Anthony [&hellip;]<\/p>\n","protected":false},"author":1,"featured_media":29055,"comment_status":"open","ping_status":"open","sticky":false,"template":"","format":"standard","meta":{"footnotes":""},"categories":[4],"tags":[],"class_list":["post-29056","post","type-post","status-publish","format-standard","has-post-thumbnail","hentry","category-cotidiano"],"_links":{"self":[{"href":"https:\/\/catolicanet.net\/wp-cnet\/wp-json\/wp\/v2\/posts\/29056","targetHints":{"allow":["GET"]}}],"collection":[{"href":"https:\/\/catolicanet.net\/wp-cnet\/wp-json\/wp\/v2\/posts"}],"about":[{"href":"https:\/\/catolicanet.net\/wp-cnet\/wp-json\/wp\/v2\/types\/post"}],"author":[{"embeddable":true,"href":"https:\/\/catolicanet.net\/wp-cnet\/wp-json\/wp\/v2\/users\/1"}],"replies":[{"embeddable":true,"href":"https:\/\/catolicanet.net\/wp-cnet\/wp-json\/wp\/v2\/comments?post=29056"}],"version-history":[{"count":1,"href":"https:\/\/catolicanet.net\/wp-cnet\/wp-json\/wp\/v2\/posts\/29056\/revisions"}],"predecessor-version":[{"id":31263,"href":"https:\/\/catolicanet.net\/wp-cnet\/wp-json\/wp\/v2\/posts\/29056\/revisions\/31263"}],"wp:featuredmedia":[{"embeddable":true,"href":"https:\/\/catolicanet.net\/wp-cnet\/wp-json\/wp\/v2\/media\/29055"}],"wp:attachment":[{"href":"https:\/\/catolicanet.net\/wp-cnet\/wp-json\/wp\/v2\/media?parent=29056"}],"wp:term":[{"taxonomy":"category","embeddable":true,"href":"https:\/\/catolicanet.net\/wp-cnet\/wp-json\/wp\/v2\/categories?post=29056"},{"taxonomy":"post_tag","embeddable":true,"href":"https:\/\/catolicanet.net\/wp-cnet\/wp-json\/wp\/v2\/tags?post=29056"}],"curies":[{"name":"wp","href":"https:\/\/api.w.org\/{rel}","templated":true}]}}