{"id":29047,"date":"2017-03-23T19:07:35","date_gmt":"2017-03-23T22:07:35","guid":{"rendered":"http:\/\/catolicanet.net\/wp-cnet\/2017\/03\/23\/reabrem-o-santo-sepulcro-de-cristo-em-jerusalem\/"},"modified":"2017-06-12T10:01:28","modified_gmt":"2017-06-12T13:01:28","slug":"reabrem-o-santo-sepulcro-de-cristo-em-jerusalem","status":"publish","type":"post","link":"https:\/\/catolicanet.net\/wp-cnet\/reabrem-o-santo-sepulcro-de-cristo-em-jerusalem\/","title":{"rendered":"Reabrem o Santo Sepulcro de Cristo em Jerusal\u00e9m"},"content":{"rendered":"<p style=\"text-align: justify;\"><img decoding=\"async\" src=\"http:\/\/www.catolicanet.com.br\/images\/stories\/noticias2017\/santosepulcro_da.jpg\" border=\"0\" align=\"left\" \/>ROMA, 23 Mar. 17 \/ 02:30 pm (ACI).- O Santo Sepulcro, a tumba onde foi depositado o corpo de Jesus depois da crucifica\u00e7\u00e3o, voltou a brilhar em todo o seu esplendor.<\/p>\n<p>As obras de restaura\u00e7\u00e3o foram conclu\u00eddas oficialmente alguns dias antes da Semana Santa e os peregrinos j\u00e1 podem entrar no recinto sagrado.<\/p>\n<p>Em uma cerim\u00f4nia ecum\u00eanica simples e simb\u00f3lica, representantes das tr\u00eas igrejas crist\u00e3s respons\u00e1veis pela cust\u00f3dia do Santo Sepulcro \u2013 a Igreja Cat\u00f3lica, a Igreja Ortodoxa Grega e a Igreja Ortodoxa Arm\u00eania \u2013 agradeceram pela reabertura do Santo Sepulcro.<\/p>\n<p>Falaram a respeito desta reabertura Sua Beatitude Te\u00f3filo III, Patriarca greco-ortodoxo; Francesco Patton, Cust\u00f3dio franciscano da Terra Santa; Sua Beatitude Nourhan Maougian, Patriarca Arm\u00eanio Apost\u00f3lico; e Dom Pierbattista Pizzaballa, Administrador Apost\u00f3lico do Patriarcado Latino de Jerusal\u00e9m.<\/p>\n<p>O Patriarca Ecum\u00eanico de Constantinopla, Bartolomeu I, participou da cerim\u00f4nia ecum\u00eanica junto com os representantes de outras Igrejas e comunidades crist\u00e3s presentes na Bas\u00edlica do Santo Sepulcro: coptos, s\u00edrios, et\u00edopes e luteranos.<\/p>\n<p>Dom Pizzaballa afirmou que \u201ca aparente miss\u00e3o imposs\u00edvel da restaura\u00e7\u00e3o da Santa Ed\u00edcula se tornou poss\u00edvel porque n\u00f3s permitimos que Deus iluminasse os nossos pensamentos, nossos olhos e nossos la\u00e7os\u201d.<\/p>\n<p>\u201cAcredito que a maioria dos habitantes de Jerusal\u00e9m e todos aqueles que est\u00e3o familiarizados com a vida no Santo Sepulcro, em geral com a vida dos crist\u00e3os em Jerusal\u00e9m, n\u00e3o podia acreditar que este momento seria poss\u00edvel. Muitas vezes, quando os peregrinos, os crist\u00e3os locais, tamb\u00e9m os n\u00e3o crist\u00e3os, visitavam a Bas\u00edlica e perguntavam quando seria poss\u00edvel a restaura\u00e7\u00e3o da Ed\u00edcula, a resposta imediata era: \u2018Nunca veremos este dia\u2019. Mas este dia \u2018finalmente chegou\u2019\u201d.<\/p>\n<p>O Administrador Apost\u00f3lico do Patriarcado Latino de Jerusal\u00e9m, indicou que \u201co Santo Sepulcro, onde nosso Senhor foi enterrado e onde ressuscitou, \u00e9 o cust\u00f3dio da nossa f\u00e9. Mas tamb\u00e9m das nossas respectivas hist\u00f3rias, das nossas identidades. \u00c9 o espelho do que somos\u201d.<\/p>\n<p>O Santo Sepulcro<\/p>\n<p>A tumba de Cristo se encontra dentro de um pequeno templo conhecido como Ed\u00edcula, constru\u00eddo em 1801 \u2013 depois que um terremoto destruiu a estrutura anterior \u2013 que est\u00e1 dentro da Bas\u00edlica do Santo Sepulcro.<\/p>\n<p>De estilo barroco otomano, a Ed\u00edcula sofreu novamente os efeitos dos terremotos em 1927, causando uma destrui\u00e7\u00e3o gradativa que for\u00e7ou a instala\u00e7\u00e3o, em 1947, de colunas de a\u00e7o para evitar o seu desmoronamento.<\/p>\n<p>Atualmente, as obras de restaura\u00e7\u00e3o permitiram retirar estas colunas e contemplar a estrutura limpa e com todas as suas policromias e inscri\u00e7\u00f5es claramente vis\u00edveis, em todo o seu esplendor sob a grande c\u00fapula que cobre o transepto da bas\u00edlica.<\/p>\n<p>O trabalho de consolida\u00e7\u00e3o e restaura\u00e7\u00e3o do edif\u00edcio teve um or\u00e7amento de 3 milh\u00f5es e 500 mil d\u00f3lares. O financiamento foi feito pelas tr\u00eas denomina\u00e7\u00f5es crist\u00e3s respons\u00e1veis pela cust\u00f3dia do sepulcro.<\/p>\n<p>Tamb\u00e9m receberam ajudas do governo grego e de benfeitores particulares. Al\u00e9m disso, o Fundo Mundial para os Monumentos desempenhou um papel importante na arrecada\u00e7\u00e3o de fundos.<\/p>\n<p>As contribui\u00e7\u00f5es econ\u00f4micas para as obras tamb\u00e9m procederam de pa\u00edses mu\u00e7ulmanos. Assim, o rei Abdullah II da Jord\u00e2nia ofereceu uma doa\u00e7\u00e3o, assim como as autoridades palestinas, que n\u00e3o quiseram ficar de fora do projeto e fizeram uma contribui\u00e7\u00e3o econ\u00f4mica para a restaura\u00e7\u00e3o da tumba de Cristo.<\/p>\n<p>Agora, \u00e9 aberta uma nova fase nas obras de restaura\u00e7\u00e3o da Ed\u00edcula, que come\u00e7ar\u00e1 depois das celebra\u00e7\u00f5es da Semana Santa e da P\u00e1scoa. Segundo explicam fontes da Cust\u00f3dia da Terra Santa atrav\u00e9s de um comunicado de imprensa, \u201cdever\u00e3o remover todo o pavimento em torno da Ed\u00edcula, refazer todas as canaliza\u00e7\u00f5es, restaurar todas as pedras do piso e substitu\u00ed-las por outras do mesmo estilo, consolidar as bases da Ed\u00edcula assegurando a estabilidade s\u00edsmica do conjunto\u201d.<\/p>\n<p>Sem d\u00favida, trata-se de uma fase muito interessante e que trar\u00e1 surpresas, pois, assinalam na Cust\u00f3dia, ser\u00e1 poss\u00edvel fazer escava\u00e7\u00f5es arqueol\u00f3gicas que na fase anterior, agora conclu\u00edda, n\u00e3o puderam ser feitas.<\/p>\n<p style=\"text-align: justify;\">\u00a0<\/p>\n<p style=\"text-align: justify;\">Fonte: Acidigital<\/p>\n","protected":false},"excerpt":{"rendered":"<p>ROMA, 23 Mar. 17 \/ 02:30 pm (ACI).- O Santo Sepulcro, a tumba onde foi depositado o corpo de Jesus depois da crucifica\u00e7\u00e3o, voltou a brilhar em todo o seu esplendor. As obras de restaura\u00e7\u00e3o foram conclu\u00eddas oficialmente alguns dias antes da Semana Santa e os peregrinos j\u00e1 podem entrar no recinto sagrado. Em uma [&hellip;]<\/p>\n","protected":false},"author":1,"featured_media":29046,"comment_status":"open","ping_status":"open","sticky":false,"template":"","format":"standard","meta":{"footnotes":""},"categories":[4],"tags":[],"class_list":["post-29047","post","type-post","status-publish","format-standard","has-post-thumbnail","hentry","category-cotidiano"],"_links":{"self":[{"href":"https:\/\/catolicanet.net\/wp-cnet\/wp-json\/wp\/v2\/posts\/29047","targetHints":{"allow":["GET"]}}],"collection":[{"href":"https:\/\/catolicanet.net\/wp-cnet\/wp-json\/wp\/v2\/posts"}],"about":[{"href":"https:\/\/catolicanet.net\/wp-cnet\/wp-json\/wp\/v2\/types\/post"}],"author":[{"embeddable":true,"href":"https:\/\/catolicanet.net\/wp-cnet\/wp-json\/wp\/v2\/users\/1"}],"replies":[{"embeddable":true,"href":"https:\/\/catolicanet.net\/wp-cnet\/wp-json\/wp\/v2\/comments?post=29047"}],"version-history":[{"count":1,"href":"https:\/\/catolicanet.net\/wp-cnet\/wp-json\/wp\/v2\/posts\/29047\/revisions"}],"predecessor-version":[{"id":31267,"href":"https:\/\/catolicanet.net\/wp-cnet\/wp-json\/wp\/v2\/posts\/29047\/revisions\/31267"}],"wp:featuredmedia":[{"embeddable":true,"href":"https:\/\/catolicanet.net\/wp-cnet\/wp-json\/wp\/v2\/media\/29046"}],"wp:attachment":[{"href":"https:\/\/catolicanet.net\/wp-cnet\/wp-json\/wp\/v2\/media?parent=29047"}],"wp:term":[{"taxonomy":"category","embeddable":true,"href":"https:\/\/catolicanet.net\/wp-cnet\/wp-json\/wp\/v2\/categories?post=29047"},{"taxonomy":"post_tag","embeddable":true,"href":"https:\/\/catolicanet.net\/wp-cnet\/wp-json\/wp\/v2\/tags?post=29047"}],"curies":[{"name":"wp","href":"https:\/\/api.w.org\/{rel}","templated":true}]}}