{"id":29043,"date":"2017-03-23T18:53:22","date_gmt":"2017-03-23T21:53:22","guid":{"rendered":"http:\/\/catolicanet.net\/wp-cnet\/2017\/03\/23\/francisco-somos-catolicos-ateus-quando-temos-o-coracao-duro\/"},"modified":"2017-06-12T10:02:49","modified_gmt":"2017-06-12T13:02:49","slug":"francisco-somos-catolicos-ateus-quando-temos-o-coracao-duro","status":"publish","type":"post","link":"https:\/\/catolicanet.net\/wp-cnet\/francisco-somos-catolicos-ateus-quando-temos-o-coracao-duro\/","title":{"rendered":"Francisco: somos \u201ccat\u00f3licos ateus\u201d quando temos o cora\u00e7\u00e3o duro"},"content":{"rendered":"<p style=\"text-align: justify;\"><img decoding=\"async\" src=\"http:\/\/www.catolicanet.com.br\/images\/stories\/1920122_articolo.jpg\" border=\"0\" align=\"left\" \/>Escutar a Palavra de Deus para evitar o risco de que o cora\u00e7\u00e3o se endure\u00e7a \u2013 disse o Papa durante a Missa, na manh\u00e3 desta quinta-feira (23\/03), em Santa Marta. Francisco ressaltou que, quando nos afastamos de Deus nos tornamos cat\u00f3licos infi\u00e9is ou mesmo &#8220;cat\u00f3licos ateus\u201d.<\/p>\n<p>Quando o povo n\u00e3o escuta a voz de Deus e vira as costas para Ele, acaba por se distanciar d\u2019Ele. Baseando-se num trecho do Livro do Profeta Jeremias, o Papa desenvolveu a sua medita\u00e7\u00e3o sobre a escuta da Palavra de Deus.<\/p>\n<p>\u201cQuando n\u00e3o paramos para ouvir a voz do Senhor, nos distanciamos d\u2019Ele, viramos as costas para Ele. E quando n\u00e3o ouvimos a voz de Deus, ouvimos outras vozes.\u201d<\/p>\n<p>Se n\u00e3o ouvimos a Palavra de Deus, ouvimos os \u00eddolos do mundo<\/p>\n<p>\u201cNo final\u201d, constatou amargamente o Pont\u00edfice, \u201cfechamos os ouvidos e nos tornamos surdos \u00e0 Palavra de Deus\u201d.<\/p>\n<p>\u201cSe hoje todos n\u00f3s pararmos um pouco e olharmos para o nosso cora\u00e7\u00e3o, veremos quantas vezes fechamos os ouvidos e quantas vezes nos tornamos surdos. Quando um povo, uma comunidade, mas tamb\u00e9m uma comunidade crist\u00e3, uma par\u00f3quia, uma diocese, fecha os ouvidos e se torna surda, n\u00e3o ouve a Palavra de Deus, procura outras vozes, outros senhores e acaba por seguir os \u00eddolos, os \u00eddolos que o mundo, a mundanidade, a sociedade lhes oferece. Se distancia do Deus vivo.\u201d <\/p>\n<p>Quando o cora\u00e7\u00e3o se endurece, tornamo-nos cat\u00f3licos ateus <\/p>\n<p>\u201cQuando nos distanciamos do Senhor\u201d, prosseguiu o Papa, \u201co nosso cora\u00e7\u00e3o se endurece\u201d. Quando n\u00e3o ouvimos, o cora\u00e7\u00e3o se torna mais duro, mais fechado em si mesmo. Duro e incapaz de receber alguma coisa. N\u00e3o s\u00f3 fechamento, mas dureza do cora\u00e7\u00e3o. Vive ent\u00e3o naquele mundo, naquela atmosfera que n\u00e3o lhe faz bem, que o distancia cada dia mais de Deus\u201d.<\/p>\n<p>\u201cE estas duas coisas \u2013 n\u00e3o escutar a Palavra de Deus e ter o cora\u00e7\u00e3o endurecido, fechado em si mesmo \u2013 fazem perder a fidelidade. Perde-se o sentido da fidelidade. O Senhor diz na Primeira Leitura: \u2018A fidelidade desapareceu\u2019 e n\u00f3s nos tornamos cat\u00f3licos infi\u00e9is, cat\u00f3licos pag\u00e3os ou pior ainda, cat\u00f3licos ateus, porque n\u00e3o temos uma refer\u00eancia de amor ao Deus vivo. N\u00e3o escutar e virar as costas \u2013 que nos endurece o cora\u00e7\u00e3o \u2013 que nos conduz ao caminho da infidelidade\u201d.<\/p>\n<p>\u201cEsta infidelidade, como se traduz esta infidelidade?\u201d, perguntou o Papa. \u201cTraduz-se com a confus\u00e3o: n\u00e3o se sabe aonde est\u00e1 Deus, aonde n\u00e3o est\u00e1, se confunde Deus com o diabo\u201d. Francisco fez refer\u00eancia ao Evangelho do dia e observou que \u201ca Jesus, que faz milagres, que faz tanto pela salva\u00e7\u00e3o e as pessoas est\u00e3o felizes, as pessoas dizem: \u2018E o faz isto porque \u00e9 um filho do diabo. Faz o poder de Belzebu\u2019\u201d.<\/p>\n<p>Escutamos realmente a Palavra de Deus? <\/p>\n<p>\u201cEsta \u2013 disse o Papa \u2013 \u00e9 a blasf\u00e9mia. A blasf\u00e9mia \u00e9 a palavra final deste percurso, que come\u00e7a com o n\u00e3o-escutar, que endurece o cora\u00e7\u00e3o, que \u2018causa confus\u00e3o\u2019, que faz esquecer a fidelidade&#8230; e no fim, vem a blasf\u00e9mia\u201d. Ai daquele povo que se esquece da surpresa do primeiro encontro com Jesus:<\/p>\n<p>\u201cHoje, podemos todos nos perguntar: Eu paro para ouvir a Palavra de Deus, pego a B\u00edblia, que fala a mim? Meu cora\u00e7\u00e3o se endureceu? Eu me afastei do Senhor? Perdi a fidelidade ao Senhor e vivo com os \u00eddolos que a mundanidade me prop\u00f5e todos os dias? Perdi a alegria da maravilha do primeiro encontro com Jesus? Hoje \u00e9 um dia para \u2018escutar\u2019: \u2018Escutem hoje a voz do Senhor\u2019, rezamos antes. \u2018N\u00e3o endure\u00e7ais o vosso cora\u00e7\u00e3o\u2019. Pe\u00e7amos esta gra\u00e7a. A gra\u00e7a de escutar, para que nosso cora\u00e7\u00e3o n\u00e3o se endure\u00e7a\u201d.<\/p>\n<p style=\"text-align: justify;\">\u00a0<\/p>\n<p style=\"text-align: justify;\">Fonte: R\u00e1dio Vaticano<\/p>\n","protected":false},"excerpt":{"rendered":"<p>Escutar a Palavra de Deus para evitar o risco de que o cora\u00e7\u00e3o se endure\u00e7a \u2013 disse o Papa durante a Missa, na manh\u00e3 desta quinta-feira (23\/03), em Santa Marta. Francisco ressaltou que, quando nos afastamos de Deus nos tornamos cat\u00f3licos infi\u00e9is ou mesmo &#8220;cat\u00f3licos ateus\u201d. Quando o povo n\u00e3o escuta a voz de Deus [&hellip;]<\/p>\n","protected":false},"author":1,"featured_media":29042,"comment_status":"open","ping_status":"open","sticky":false,"template":"","format":"standard","meta":{"footnotes":""},"categories":[3],"tags":[],"class_list":["post-29043","post","type-post","status-publish","format-standard","has-post-thumbnail","hentry","category-vaticano"],"_links":{"self":[{"href":"https:\/\/catolicanet.net\/wp-cnet\/wp-json\/wp\/v2\/posts\/29043","targetHints":{"allow":["GET"]}}],"collection":[{"href":"https:\/\/catolicanet.net\/wp-cnet\/wp-json\/wp\/v2\/posts"}],"about":[{"href":"https:\/\/catolicanet.net\/wp-cnet\/wp-json\/wp\/v2\/types\/post"}],"author":[{"embeddable":true,"href":"https:\/\/catolicanet.net\/wp-cnet\/wp-json\/wp\/v2\/users\/1"}],"replies":[{"embeddable":true,"href":"https:\/\/catolicanet.net\/wp-cnet\/wp-json\/wp\/v2\/comments?post=29043"}],"version-history":[{"count":1,"href":"https:\/\/catolicanet.net\/wp-cnet\/wp-json\/wp\/v2\/posts\/29043\/revisions"}],"predecessor-version":[{"id":31269,"href":"https:\/\/catolicanet.net\/wp-cnet\/wp-json\/wp\/v2\/posts\/29043\/revisions\/31269"}],"wp:featuredmedia":[{"embeddable":true,"href":"https:\/\/catolicanet.net\/wp-cnet\/wp-json\/wp\/v2\/media\/29042"}],"wp:attachment":[{"href":"https:\/\/catolicanet.net\/wp-cnet\/wp-json\/wp\/v2\/media?parent=29043"}],"wp:term":[{"taxonomy":"category","embeddable":true,"href":"https:\/\/catolicanet.net\/wp-cnet\/wp-json\/wp\/v2\/categories?post=29043"},{"taxonomy":"post_tag","embeddable":true,"href":"https:\/\/catolicanet.net\/wp-cnet\/wp-json\/wp\/v2\/tags?post=29043"}],"curies":[{"name":"wp","href":"https:\/\/api.w.org\/{rel}","templated":true}]}}